{"id":331,"date":"2024-06-10T09:46:48","date_gmt":"2024-06-10T09:46:48","guid":{"rendered":"https:\/\/www.klubmn.cz\/?p=331"},"modified":"2024-06-10T09:46:48","modified_gmt":"2024-06-10T09:46:48","slug":"orbion-predvedl-showroom-mg-v-praze","status":"publish","type":"post","link":"https:\/\/www.klubmn.cz\/?p=331","title":{"rendered":"Orbion p\u0159edvedl showroom MG v Praze"},"content":{"rendered":"<p><strong>Zn\u00e1m\u00e1 trojice pra\u017esk\u00fdch dealer\u016f Stolejda, Vesel\u00fd, Chlad p\u0159edvedla novin\u00e1\u0159\u016fm nov\u00e9 dealerstv\u00ed zna\u010dky MG\u00a0 Orbion Cars v pra\u017esk\u00fdch Stod\u016flk\u00e1ch. Podle \u0161\u00e9fa importu zna\u010dky Martina Kr\u00e1l\u00ed\u010dka jde o prvn\u00ed implementaci korpor\u00e1tn\u00edch prvk\u016f MG v \u010cesku, letos zna\u010dka c\u00edl\u00ed celkov\u011b na 30 prodejn\u00edch m\u00edst a prodej 4500 voz\u016f MG.<\/strong><span id=\"more-4362\"><\/span><!--more--><\/p>\n<p>\u201eMG letos v \u010cesku roste o 43 procent, v kv\u011btnu a \u010dervnu nav\u00fd\u0161\u00edme n\u00e1\u0161 tr\u017en\u00ed pod\u00edl z 1,46 procenta a\u017e na dv\u011b procenta,\u201c prozradil pl\u00e1ny Kr\u00e1l\u00ed\u010dek s t\u00edm, \u017ee po\u010d\u00edt\u00e1 i s r\u016fstem prodej\u016f elektromobil\u016f, hlavn\u011b d\u00edky nov\u00fdm dotac\u00edm. \u201eAktu\u00e1ln\u011b jsme na sedm\u00e9m m\u00edst\u011b v rankingu dotac\u00ed, d\u00edky nim m\u016f\u017eeme b\u00fdt aktivn\u00ed ve fleetov\u00e9m kan\u00e1lu, kter\u00fd nese nejv\u011bt\u0161\u00ed potenci\u00e1l pro na\u0161e elektrick\u00e9 vozy,\u201c up\u0159esnil dovozce.<\/p>\n<p><img loading=\"lazy\" decoding=\"async\" class=\"alignnone size-medium wp-image-4372\" src=\"http:\/\/www.automakers.cz\/wp-content\/uploads\/2024\/05\/MG-TK-Orbion-900x506.jpg\" sizes=\"auto, (max-width: 900px) 100vw, 900px\" srcset=\"https:\/\/www.automakers.cz\/wp-content\/uploads\/2024\/05\/MG-TK-Orbion-900x506.jpg 900w, https:\/\/www.automakers.cz\/wp-content\/uploads\/2024\/05\/MG-TK-Orbion-1024x576.jpg 1024w, https:\/\/www.automakers.cz\/wp-content\/uploads\/2024\/05\/MG-TK-Orbion-768x432.jpg 768w, https:\/\/www.automakers.cz\/wp-content\/uploads\/2024\/05\/MG-TK-Orbion-1536x864.jpg 1536w, https:\/\/www.automakers.cz\/wp-content\/uploads\/2024\/05\/MG-TK-Orbion-1280x720.jpg 1280w, https:\/\/www.automakers.cz\/wp-content\/uploads\/2024\/05\/MG-TK-Orbion.jpg 2048w\" alt=\"\" width=\"900\" height=\"506\" \/>Mezi jeho dal\u0161\u00ed pl\u00e1ny pat\u0159\u00ed pos\u00edlen\u00ed prodeje ojetin, zna\u010dkov\u00e9ho financov\u00e1n\u00ed, projekt MG Charge a dobrou logistiku si slibuje od nov\u011b otev\u0159en\u00e9ho skladu d\u00edl\u016f v Ma\u010farsku.<\/p>\n<p><img loading=\"lazy\" decoding=\"async\" class=\"alignnone size-medium wp-image-4381\" src=\"http:\/\/www.automakers.cz\/wp-content\/uploads\/2024\/05\/MG-Kralicek-TK-Orbion-900x506.jpg\" sizes=\"auto, (max-width: 900px) 100vw, 900px\" srcset=\"https:\/\/www.automakers.cz\/wp-content\/uploads\/2024\/05\/MG-Kralicek-TK-Orbion-900x506.jpg 900w, https:\/\/www.automakers.cz\/wp-content\/uploads\/2024\/05\/MG-Kralicek-TK-Orbion-768x432.jpg 768w, https:\/\/www.automakers.cz\/wp-content\/uploads\/2024\/05\/MG-Kralicek-TK-Orbion.jpg 1024w\" alt=\"\" width=\"900\" height=\"506\" \/>Kr\u00e1l\u00ed\u010dek tak\u00e9 letos slibuje razantn\u00ed obm\u011bnu modelov\u00fdch \u0159ad a reklamn\u00ed kampa\u0148 na elektrick\u00e9 vozy.<\/p>\n<p>\u201eV\u00fddaje na marketing jsme meziro\u010dn\u011b nav\u00fd\u0161ili o pades\u00e1t procent a je\u0161t\u011b letos p\u0159ivezeme na \u010desk\u00fd trh \u0161est novinek. Nap\u0159\u00edklad o\u010dek\u00e1van\u00fd roadster Cybester doraz\u00ed v listopadu.\u201c<\/p>\n<p><strong>Ka\u0148\u00e1k pov\u00fd\u0161il na \u0161\u00e9fa obchodu<\/strong><\/p>\n<p>Nov\u00fd obchodn\u00ed \u0159editel Kry\u0161tof Ka\u0148\u00e1k (v kv\u011btnu pov\u00fd\u0161il ze \u0161\u00e9fa dealersk\u00e9 s\u00edt\u011b na obchodn\u00edho \u0159editele) si pak hodn\u011b slibuje od rychl\u00e9ho roz\u0161i\u0159ov\u00e1n\u00ed dealersk\u00e9 s\u00edt\u011b MG.<\/p>\n<p>\u201eOd leto\u0161n\u00edho ledna jsme ji pos\u00edlili o 10 nov\u00fdch dealerstv\u00ed, c\u00edl\u00edme nejd\u0159\u00edve na krajsk\u00e1 m\u011bsta a pak p\u0159ijdou i okresy. C\u00edl je letos celkem 30 obchodn\u00edch m\u00edst \u2013 nap\u0159\u00edklad Klatovy, t\u0159et\u00ed m\u00edsto v Brn\u011b a je\u0161t\u011b jedno v Praze, potom Vset\u00edn nebo Nov\u00fd Ji\u010d\u00edn.\u201c<\/p>\n<p><img loading=\"lazy\" decoding=\"async\" class=\"alignnone size-medium wp-image-4384\" src=\"http:\/\/www.automakers.cz\/wp-content\/uploads\/2024\/05\/MG-Orbion-showroom-recepce-900x675.jpg\" sizes=\"auto, (max-width: 900px) 100vw, 900px\" srcset=\"https:\/\/www.automakers.cz\/wp-content\/uploads\/2024\/05\/MG-Orbion-showroom-recepce-900x675.jpg 900w, https:\/\/www.automakers.cz\/wp-content\/uploads\/2024\/05\/MG-Orbion-showroom-recepce-1024x768.jpg 1024w, https:\/\/www.automakers.cz\/wp-content\/uploads\/2024\/05\/MG-Orbion-showroom-recepce-768x576.jpg 768w, https:\/\/www.automakers.cz\/wp-content\/uploads\/2024\/05\/MG-Orbion-showroom-recepce-1536x1152.jpg 1536w, https:\/\/www.automakers.cz\/wp-content\/uploads\/2024\/05\/MG-Orbion-showroom-recepce.jpg 2040w\" alt=\"\" width=\"900\" height=\"675\" \/><strong>Orbion Cars<\/strong><\/p>\n<p>Mana\u017ee\u0159i Orbion Cars po tiskov\u00e9 konferenci importu\u00a0 p\u0159edvedli novou pra\u017eskou pobo\u010dku, kter\u00e1 otev\u0159ela letos v dubnu. C\u00edl\u00ed na to st\u00e1t se nejv\u011bt\u0161\u00edm dealerem zna\u010dky v \u010cesku. Za projektem jsou majitel\u00e9 skupiny Albion Cars, kter\u00e1 se v \u010desku specializuje na prodej jaguar\u016f a land rover\u016f.<strong><b><br \/>\n<\/b><\/strong><span id=\"more-3327\"><\/span><\/p>\n<p><img loading=\"lazy\" decoding=\"async\" class=\"alignnone size-medium wp-image-4373\" src=\"http:\/\/www.automakers.cz\/wp-content\/uploads\/2024\/05\/MG-Orbion-showroom-900x675.jpg\" sizes=\"auto, (max-width: 900px) 100vw, 900px\" srcset=\"https:\/\/www.automakers.cz\/wp-content\/uploads\/2024\/05\/MG-Orbion-showroom-900x675.jpg 900w, https:\/\/www.automakers.cz\/wp-content\/uploads\/2024\/05\/MG-Orbion-showroom-1024x768.jpg 1024w, https:\/\/www.automakers.cz\/wp-content\/uploads\/2024\/05\/MG-Orbion-showroom-768x576.jpg 768w, https:\/\/www.automakers.cz\/wp-content\/uploads\/2024\/05\/MG-Orbion-showroom-1536x1152.jpg 1536w, https:\/\/www.automakers.cz\/wp-content\/uploads\/2024\/05\/MG-Orbion-showroom.jpg 2040w\" alt=\"\" width=\"900\" height=\"675\" \/>\u201eChceme z\u00e1kazn\u00edk\u016fm poskytnout nejv\u011bt\u0161\u00ed nab\u00eddku skladov\u00fdch voz\u016f zna\u010dky MG, a to jak nov\u00fdch, tak ojet\u00fdch. Samoz\u0159ejmost\u00ed je i autorizovan\u00fd servis s nejvy\u0161\u0161\u00ed kvalitou slu\u017eeb orientovan\u00fdch na maxim\u00e1ln\u00ed spokojenost klient\u016f,\u201c\u00a0\u0159\u00edk\u00e1 v\u00fdkonn\u00fd \u0159editel Orbion Cars Du\u0161an Chlad.<\/p>\n<p><strong>Sou\u010d\u00e1st skupiny Albion<\/strong><\/p>\n<p>Orbion Cars pat\u0159\u00ed do stejn\u00e9 siln\u00e9 skupiny jako nejv\u011bt\u0161\u00ed \u010desk\u00fd prodejce zna\u010dky <strong><b>Volvo Auto Pr\u016fhonice<\/b><\/strong>\u00a0a specialista na prodej britsk\u00fdch voz\u016f zna\u010dek Jaguar a Land Rover <strong><b>Albion Cars<\/b><\/strong>.<\/p>\n<p><strong><em><b><i>\u201eV r\u00e1mci na\u0161\u00ed skupiny roz\u0161i\u0159ujeme portfolio o cenov\u011b dostupnou zna\u010dku se st\u00e1le s\u00edl\u00edc\u00ed popularitou. I do tohoto segmentu chceme samoz\u0159ejm\u011b pro na\u0161e z\u00e1kazn\u00edky p\u0159en\u00e9st pr\u00e9miov\u00e9 a maxim\u00e1ln\u011b osobn\u00ed slu\u017eby, na kter\u00e9 jsou zvykl\u00ed klienti pr\u00e9miov\u00fdch zna\u010dek, kter\u00e9 ve skupin\u011b prod\u00e1v\u00e1me,\u201c<\/i><\/b><\/em><\/strong>\u00a0vysv\u011btluje Chlad.<\/p>\n<p>Se s\u00eddlem v pra\u017esk\u00fdch Stod\u016flk\u00e1ch m\u00e1 Orbion Cars v pl\u00e1nu p\u0159i dosahov\u00e1n\u00ed dominantn\u00ed pozice mezi dealery zna\u010dky MG \u010derpat vedle nejv\u011bt\u0161\u00ed nab\u00eddky skladov\u00fdch vozidel pr\u00e1v\u011b i z v\u00fdhodn\u00e9 polohy sv\u00e9ho autosalonu.<\/p>\n<p>Z lev\u00e9ho b\u0159ehu Vltavy m\u016f\u017ee jako v sou\u010dasn\u00e9 dob\u011b jedin\u00fd dealer zna\u010dky obsluhovat popt\u00e1vku jak poloviny hlavn\u00edho m\u011bsta, tak i podstatn\u00e9 \u010d\u00e1sti St\u0159edo\u010desk\u00e9ho kraje v r\u00e1mci okresu Praha \u2013 Z\u00e1pad, zejm\u00e9na z Berounska a Rakovnicka. Bezprost\u0159edn\u00ed bl\u00edzkost Rozvadovsk\u00e9 spojky na p\u0159\u00edjezdu do Prahy z d\u00e1lnice D5 \u010din\u00ed Orbion Cars dob\u0159e dopravn\u011b dostupn\u00fdm i pro z\u00e1kazn\u00edky ze z\u00e1padn\u00edch region\u016f \u010cesk\u00e9 republiky.<\/p>\n<p><img loading=\"lazy\" decoding=\"async\" class=\"alignnone size-medium wp-image-4393\" src=\"http:\/\/www.automakers.cz\/wp-content\/uploads\/2024\/05\/MG-kolaz-Orbion-900x900.jpg\" sizes=\"auto, (max-width: 900px) 100vw, 900px\" srcset=\"https:\/\/www.automakers.cz\/wp-content\/uploads\/2024\/05\/MG-kolaz-Orbion-900x900.jpg 900w, https:\/\/www.automakers.cz\/wp-content\/uploads\/2024\/05\/MG-kolaz-Orbion-1024x1024.jpg 1024w, https:\/\/www.automakers.cz\/wp-content\/uploads\/2024\/05\/MG-kolaz-Orbion-768x768.jpg 768w, https:\/\/www.automakers.cz\/wp-content\/uploads\/2024\/05\/MG-kolaz-Orbion.jpg 1080w\" alt=\"\" width=\"900\" height=\"900\" \/><strong>Erich Handl, TK MG Stod\u016flky, FOTO: Lud\u011bk Kortus, autor a MG<br \/>\n<\/strong><\/p>\n<p><img loading=\"lazy\" decoding=\"async\" class=\"alignnone size-medium wp-image-4371\" src=\"http:\/\/www.automakers.cz\/wp-content\/uploads\/2024\/05\/MG-TK-Handl-Hajek-Zidek-900x600.jpg\" sizes=\"auto, (max-width: 900px) 100vw, 900px\" srcset=\"https:\/\/www.automakers.cz\/wp-content\/uploads\/2024\/05\/MG-TK-Handl-Hajek-Zidek-900x600.jpg 900w, https:\/\/www.automakers.cz\/wp-content\/uploads\/2024\/05\/MG-TK-Handl-Hajek-Zidek-1024x683.jpg 1024w, https:\/\/www.automakers.cz\/wp-content\/uploads\/2024\/05\/MG-TK-Handl-Hajek-Zidek-768x512.jpg 768w, https:\/\/www.automakers.cz\/wp-content\/uploads\/2024\/05\/MG-TK-Handl-Hajek-Zidek.jpg 1280w\" alt=\"\" width=\"900\" height=\"600\" \/><\/p>\n<div class=\"heateor_sss_sharing_container heateor_sss_vertical_sharing heateor_sss_bottom_sharing\" data-heateor-sss-href=\"https:\/\/www.automakers.cz\/?p=4362\">\n<div class=\"heateor_sss_sharing_ul\"><\/div>\n<\/div>\n<div class=\"heateor_sss_sharing_container heateor_sss_vertical_sharing heateor_sss_bottom_sharing\" data-heateor-sss-href=\"https:\/\/www.automakers.cz\/?p=4362\">\n<div class=\"heateorSssClear\"><\/div>\n<div class=\"heateorSssSharingArrow heateorSssPullOut\" title=\"Hide\"><\/div>\n<\/div>\n<p><span class=\"edit-link\"><i class=\"fas fa-edit\"><\/i><a class=\"post-edit-link\" href=\"https:\/\/www.automakers.cz\/wp-admin\/post.php?post=4362&amp;action=edit\">Edit <\/a><\/span><\/p>\n","protected":false},"excerpt":{"rendered":"<p>Zn\u00e1m\u00e1 trojice pra\u017esk\u00fdch dealer\u016f Stolejda, Vesel\u00fd, Chlad p\u0159edvedla novin\u00e1\u0159\u016fm nov\u00e9 dealerstv\u00ed zna\u010dky MG\u00a0 Orbion Cars&#8230;<\/p>\n","protected":false},"author":1,"featured_media":332,"comment_status":"open","ping_status":"open","sticky":false,"template":"","format":"standard","meta":{"footnotes":""},"categories":[31],"tags":[],"class_list":["post-331","post","type-post","status-publish","format-standard","has-post-thumbnail","hentry","category-dealeri"],"_links":{"self":[{"href":"https:\/\/www.klubmn.cz\/index.php?rest_route=\/wp\/v2\/posts\/331","targetHints":{"allow":["GET"]}}],"collection":[{"href":"https:\/\/www.klubmn.cz\/index.php?rest_route=\/wp\/v2\/posts"}],"about":[{"href":"https:\/\/www.klubmn.cz\/index.php?rest_route=\/wp\/v2\/types\/post"}],"author":[{"embeddable":true,"href":"https:\/\/www.klubmn.cz\/index.php?rest_route=\/wp\/v2\/users\/1"}],"replies":[{"embeddable":true,"href":"https:\/\/www.klubmn.cz\/index.php?rest_route=%2Fwp%2Fv2%2Fcomments&post=331"}],"version-history":[{"count":2,"href":"https:\/\/www.klubmn.cz\/index.php?rest_route=\/wp\/v2\/posts\/331\/revisions"}],"predecessor-version":[{"id":334,"href":"https:\/\/www.klubmn.cz\/index.php?rest_route=\/wp\/v2\/posts\/331\/revisions\/334"}],"wp:featuredmedia":[{"embeddable":true,"href":"https:\/\/www.klubmn.cz\/index.php?rest_route=\/wp\/v2\/media\/332"}],"wp:attachment":[{"href":"https:\/\/www.klubmn.cz\/index.php?rest_route=%2Fwp%2Fv2%2Fmedia&parent=331"}],"wp:term":[{"taxonomy":"category","embeddable":true,"href":"https:\/\/www.klubmn.cz\/index.php?rest_route=%2Fwp%2Fv2%2Fcategories&post=331"},{"taxonomy":"post_tag","embeddable":true,"href":"https:\/\/www.klubmn.cz\/index.php?rest_route=%2Fwp%2Fv2%2Ftags&post=331"}],"curies":[{"name":"wp","href":"https:\/\/api.w.org\/{rel}","templated":true}]}}