{"id":335,"date":"2024-06-10T09:48:43","date_gmt":"2024-06-10T09:48:43","guid":{"rendered":"https:\/\/www.klubmn.cz\/?p=335"},"modified":"2024-06-10T09:48:43","modified_gmt":"2024-06-10T09:48:43","slug":"alfa-romeo-mela-tiskovku-ve-vysokem-ujezde","status":"publish","type":"post","link":"https:\/\/www.klubmn.cz\/?p=335","title":{"rendered":"Alfa Romeo m\u011bla tiskovku ve Vysok\u00e9m \u00dajezd\u011b"},"content":{"rendered":"<p><strong>Brand director zna\u010dky Alfa Romeo Tom\u00e1\u0161 Zahel sezval 29. kv\u011btna novin\u00e1\u0159e na brunch do Vysok\u00e9ho \u00dajezda. V Local ristorante se hovo\u0159ilo o prodejn\u00edch pl\u00e1nech zna\u010dky, nov\u00fdch modelech a glob\u00e1ln\u00ed edici Tributo Italiano. Prezentaci doplnily testovac\u00ed j\u00edzdy s Giuli\u00ed, Tonalem i modelem Stelvio.<\/strong><span id=\"more-4318\"><\/span><!--more--><\/p>\n<p>Alfa Romeo, kter\u00e1 p\u0159ed \u010dasem p\u0159e\u0161la spolu s Fiatem pod import\u00e9rsk\u00e1 k\u0159\u00eddla Emila Freye, loni prodala v \u010cesku t\u00e9m\u011b\u0159 200 kus\u016f. Letos import c\u00edl\u00ed na 300 aut, o 50 procent v\u00edce ne\u017e loni.<\/p>\n<p><img loading=\"lazy\" decoding=\"async\" class=\"alignnone size-medium wp-image-4325\" src=\"http:\/\/www.automakers.cz\/wp-content\/uploads\/2024\/05\/Alfa-Zahel-Marounkova-900x506.jpg\" sizes=\"auto, (max-width: 900px) 100vw, 900px\" srcset=\"https:\/\/www.automakers.cz\/wp-content\/uploads\/2024\/05\/Alfa-Zahel-Marounkova-900x506.jpg 900w, https:\/\/www.automakers.cz\/wp-content\/uploads\/2024\/05\/Alfa-Zahel-Marounkova-768x432.jpg 768w, https:\/\/www.automakers.cz\/wp-content\/uploads\/2024\/05\/Alfa-Zahel-Marounkova.jpg 1024w\" alt=\"\" width=\"900\" height=\"506\" \/>\u201eNyn\u00ed v kv\u011btnu u\u017e m\u016f\u017eeme ohl\u00e1sit 98 registrovan\u00fdch vozidel a 106 objedn\u00e1vek v kapse, t\u0159\u00edstovkov\u00fd pl\u00e1n pro cel\u00fd rok tedy nen\u00ed nere\u00e1ln\u00fd. Odpov\u00edd\u00e1 mu i tov\u00e1rn\u00ed kv\u00f3ta pro \u010ceskou republiku,\u201c uvedl \u0161\u00e9f zna\u010dky.<\/p>\n<p><img loading=\"lazy\" decoding=\"async\" class=\"alignnone size-medium wp-image-4326\" src=\"http:\/\/www.automakers.cz\/wp-content\/uploads\/2024\/05\/Alfa-Romeo-Tonale-Ujezd-900x506.jpg\" sizes=\"auto, (max-width: 900px) 100vw, 900px\" srcset=\"https:\/\/www.automakers.cz\/wp-content\/uploads\/2024\/05\/Alfa-Romeo-Tonale-Ujezd-900x506.jpg 900w, https:\/\/www.automakers.cz\/wp-content\/uploads\/2024\/05\/Alfa-Romeo-Tonale-Ujezd-768x432.jpg 768w, https:\/\/www.automakers.cz\/wp-content\/uploads\/2024\/05\/Alfa-Romeo-Tonale-Ujezd.jpg 1024w\" alt=\"\" width=\"900\" height=\"506\" \/>Nejl\u00e9pe mu prodejn\u011b jde Stelvio, tak\u00e9 Giulia jde dob\u0159e. \u201eC\u00edt\u00edme je\u0161t\u011b prostor pro Tonale a nov\u00fd model Junior, kter\u00fd se poprv\u00e9 objev\u00ed v tuzemsku na podzim,\u201c m\u00edn\u00ed import\u00e9r.<\/p>\n<p><img loading=\"lazy\" decoding=\"async\" class=\"alignnone size-medium wp-image-4327\" src=\"http:\/\/www.automakers.cz\/wp-content\/uploads\/2024\/05\/Alfa-Hermansky-Ujezd-900x675.jpg\" sizes=\"auto, (max-width: 900px) 100vw, 900px\" srcset=\"https:\/\/www.automakers.cz\/wp-content\/uploads\/2024\/05\/Alfa-Hermansky-Ujezd-900x675.jpg 900w, https:\/\/www.automakers.cz\/wp-content\/uploads\/2024\/05\/Alfa-Hermansky-Ujezd-768x576.jpg 768w, https:\/\/www.automakers.cz\/wp-content\/uploads\/2024\/05\/Alfa-Hermansky-Ujezd.jpg 1024w\" alt=\"\" width=\"900\" height=\"675\" \/>P\u0159\u00ed\u0161t\u00ed rok o\u010dek\u00e1v\u00e1 \u0161\u00e9f Fiatu Jarom\u00edr He\u0159mansk\u00fd p\u0159\u00edchod nov\u00e9 verze Stelvia, v roce 2026 novou Giulii. \u201eV roce 2027 pak budeme podle pl\u00e1n\u016f m\u00edt v\u0161echny modely Alfa Romeo elektrifikovan\u00e9,\u201c slibuje import.<\/p>\n<p><strong>Erich Handl, Vysok\u00fd \u00dajezd; FOTO: Lud\u011bk Kortus<\/strong><\/p>\n<p><img loading=\"lazy\" decoding=\"async\" class=\"alignnone size-medium wp-image-4340\" src=\"http:\/\/www.automakers.cz\/wp-content\/uploads\/2024\/05\/Alfa-kolaz-Vysoky-Ujezd-900x900.jpg\" sizes=\"auto, (max-width: 900px) 100vw, 900px\" srcset=\"https:\/\/www.automakers.cz\/wp-content\/uploads\/2024\/05\/Alfa-kolaz-Vysoky-Ujezd-900x900.jpg 900w, https:\/\/www.automakers.cz\/wp-content\/uploads\/2024\/05\/Alfa-kolaz-Vysoky-Ujezd-1024x1024.jpg 1024w, https:\/\/www.automakers.cz\/wp-content\/uploads\/2024\/05\/Alfa-kolaz-Vysoky-Ujezd-768x768.jpg 768w, https:\/\/www.automakers.cz\/wp-content\/uploads\/2024\/05\/Alfa-kolaz-Vysoky-Ujezd.jpg 1080w\" alt=\"\" width=\"900\" height=\"900\" \/><\/p>\n<div class=\"heateor_sss_sharing_container heateor_sss_vertical_sharing heateor_sss_bottom_sharing\" data-heateor-sss-href=\"https:\/\/www.automakers.cz\/?p=4318\">\n<div class=\"heateor_sss_sharing_ul\"><\/div>\n<\/div>\n<div class=\"heateor_sss_sharing_container heateor_sss_vertical_sharing heateor_sss_bottom_sharing\" data-heateor-sss-href=\"https:\/\/www.automakers.cz\/?p=4318\">\n<div class=\"heateorSssClear\"><\/div>\n<div class=\"heateorSssSharingArrow heateorSssPullOut\" title=\"Hide\"><\/div>\n<\/div>\n<p><span class=\"edit-link\"><i class=\"fas fa-edit\"><\/i><a class=\"post-edit-link\" href=\"https:\/\/www.automakers.cz\/wp-admin\/post.php?post=4318&amp;action=edit\">Edit <\/a><\/span><\/p>\n","protected":false},"excerpt":{"rendered":"<p>Brand director zna\u010dky Alfa Romeo Tom\u00e1\u0161 Zahel sezval 29. kv\u011btna novin\u00e1\u0159e na brunch do Vysok\u00e9ho&#8230;<\/p>\n","protected":false},"author":1,"featured_media":336,"comment_status":"open","ping_status":"open","sticky":false,"template":"","format":"standard","meta":{"footnotes":""},"categories":[2],"tags":[],"class_list":["post-335","post","type-post","status-publish","format-standard","has-post-thumbnail","hentry","category-tiskovky"],"_links":{"self":[{"href":"https:\/\/www.klubmn.cz\/index.php?rest_route=\/wp\/v2\/posts\/335","targetHints":{"allow":["GET"]}}],"collection":[{"href":"https:\/\/www.klubmn.cz\/index.php?rest_route=\/wp\/v2\/posts"}],"about":[{"href":"https:\/\/www.klubmn.cz\/index.php?rest_route=\/wp\/v2\/types\/post"}],"author":[{"embeddable":true,"href":"https:\/\/www.klubmn.cz\/index.php?rest_route=\/wp\/v2\/users\/1"}],"replies":[{"embeddable":true,"href":"https:\/\/www.klubmn.cz\/index.php?rest_route=%2Fwp%2Fv2%2Fcomments&post=335"}],"version-history":[{"count":2,"href":"https:\/\/www.klubmn.cz\/index.php?rest_route=\/wp\/v2\/posts\/335\/revisions"}],"predecessor-version":[{"id":338,"href":"https:\/\/www.klubmn.cz\/index.php?rest_route=\/wp\/v2\/posts\/335\/revisions\/338"}],"wp:featuredmedia":[{"embeddable":true,"href":"https:\/\/www.klubmn.cz\/index.php?rest_route=\/wp\/v2\/media\/336"}],"wp:attachment":[{"href":"https:\/\/www.klubmn.cz\/index.php?rest_route=%2Fwp%2Fv2%2Fmedia&parent=335"}],"wp:term":[{"taxonomy":"category","embeddable":true,"href":"https:\/\/www.klubmn.cz\/index.php?rest_route=%2Fwp%2Fv2%2Fcategories&post=335"},{"taxonomy":"post_tag","embeddable":true,"href":"https:\/\/www.klubmn.cz\/index.php?rest_route=%2Fwp%2Fv2%2Ftags&post=335"}],"curies":[{"name":"wp","href":"https:\/\/api.w.org\/{rel}","templated":true}]}}