{"id":384,"date":"2024-06-26T10:27:06","date_gmt":"2024-06-26T10:27:06","guid":{"rendered":"https:\/\/www.klubmn.cz\/?p=384"},"modified":"2024-06-26T10:27:06","modified_gmt":"2024-06-26T10:27:06","slug":"renault-ukazal-novy-captur-na-plovarne","status":"publish","type":"post","link":"https:\/\/www.klubmn.cz\/?p=384","title":{"rendered":"Renault uk\u00e1zal nov\u00fd Captur na plov\u00e1rn\u011b"},"content":{"rendered":"<p><strong>Facelift Renaultu Captur m\u011bl sv\u011btovou premi\u00e9ru v dubnu, pro \u010desk\u00e9 novin\u00e1\u0159e uspo\u0159\u00e1dala mluv\u010d\u00ed zna\u010dky Jitka Skali\u010dkov\u00e1 prezentaci a prvn\u00ed testovac\u00ed j\u00edzdy 26. \u010dervna na pra\u017esk\u00e9 Ob\u010dansk\u00e9 Plov\u00e1rn\u011b.<\/strong><span id=\"more-5012\"><\/span><!--more--><\/p>\n<p>Od sv\u00e9ho uveden\u00ed na trh v roce 2013 se modelu Captur prodalo v\u00edce ne\u017e dva miliony kus\u016f v t\u00e9m\u011b\u0159 90 zem\u00edch. \u201eCaptur je pr\u016fkopn\u00edkem a etalonem ve sv\u00e9 kategorii a d\u00edky sv\u00e9 v\u0161estrannosti, modularit\u011b a pln\u011b hybridn\u00ed technologii E-Tech, kter\u00e1 se prod\u00e1v\u00e1 od roku 2020, symbolizuje ducha zna\u010dky,\u201c uvedla automobilka.<\/p>\n<p>\u201eCaptur \u00fato\u010d\u00ed na B segment mal\u00fdch aut, kter\u00e9 v Evrop\u011b tvo\u0159\u00ed zhruba t\u0159etinu prodej\u016f. Kdy\u017e p\u0159ed 11 lety nastupoval do pelotonu B SUV v \u010cesku, m\u011bl jen dva konkurenty. V sou\u010dasnosti nab\u00edz\u00ed mal\u00e1 m\u011bstsk\u00e1 SUV prakticky v\u0161echny vekoobjemov\u00e9 zna\u010dky,\u201c p\u0159ipomn\u011bl produktov\u00fd mana\u017eer importu.<\/p>\n<p><strong>Hybridn\u00ed verze E-Tech<\/strong><\/p>\n<p>Leto\u0161n\u00ed verze Capturu bude naj\u00ed\u017ed\u011bt k dealer\u016fm Renaultu b\u011bhem l\u00e9ta tak\u00e9 jako E-Tech full hybrid, tedy v\u016fz poh\u00e1n\u011bn\u00fd benz\u00ednov\u00fdm \u010dty\u0159v\u00e1lcem 1,6 v\u00fdkonov\u011b spojen\u00fdm se dv\u011bma elektromotory. Hlavn\u00ed elektromotor poh\u00e1n\u00ed kola, druh\u00fd men\u0161\u00ed gener\u00e1tor slou\u017e\u00ed ke statov\u00e1n\u00ed motoru a pom\u00e1h\u00e1 synchronizovat p\u0159evody.<\/p>\n<p><img loading=\"lazy\" decoding=\"async\" class=\"alignnone size-medium wp-image-5016\" src=\"http:\/\/www.automakers.cz\/wp-content\/uploads\/2024\/06\/Renault-Captur-motor-obrazovka-900x675.jpg\" sizes=\"auto, (max-width: 900px) 100vw, 900px\" srcset=\"https:\/\/www.automakers.cz\/wp-content\/uploads\/2024\/06\/Renault-Captur-motor-obrazovka-900x675.jpg 900w, https:\/\/www.automakers.cz\/wp-content\/uploads\/2024\/06\/Renault-Captur-motor-obrazovka-1024x768.jpg 1024w, https:\/\/www.automakers.cz\/wp-content\/uploads\/2024\/06\/Renault-Captur-motor-obrazovka-768x576.jpg 768w, https:\/\/www.automakers.cz\/wp-content\/uploads\/2024\/06\/Renault-Captur-motor-obrazovka-1536x1152.jpg 1536w, https:\/\/www.automakers.cz\/wp-content\/uploads\/2024\/06\/Renault-Captur-motor-obrazovka.jpg 2040w\" alt=\"\" width=\"900\" height=\"675\" \/>\u201eZ\u00e1kazn\u00edci m\u016f\u017eou po\u010d\u00edtat a\u017e s 1000 kilometry dojezdu, integrovan\u00fdm infotainmentem na b\u00e1zi Androidu,\u201c up\u0159esnili mana\u017ee\u0159i zna\u010dky.<\/p>\n<p><img loading=\"lazy\" decoding=\"async\" class=\"alignnone size-medium wp-image-5015\" src=\"http:\/\/www.automakers.cz\/wp-content\/uploads\/2024\/06\/Renault-Captur-vybavy-900x675.jpg\" sizes=\"auto, (max-width: 900px) 100vw, 900px\" srcset=\"https:\/\/www.automakers.cz\/wp-content\/uploads\/2024\/06\/Renault-Captur-vybavy-900x675.jpg 900w, https:\/\/www.automakers.cz\/wp-content\/uploads\/2024\/06\/Renault-Captur-vybavy-1024x768.jpg 1024w, https:\/\/www.automakers.cz\/wp-content\/uploads\/2024\/06\/Renault-Captur-vybavy-768x576.jpg 768w, https:\/\/www.automakers.cz\/wp-content\/uploads\/2024\/06\/Renault-Captur-vybavy-1536x1152.jpg 1536w, https:\/\/www.automakers.cz\/wp-content\/uploads\/2024\/06\/Renault-Captur-vybavy.jpg 2040w\" alt=\"\" width=\"900\" height=\"675\" \/>V\u016fz nab\u00eddne t\u0159i v\u00fdbavov\u00e9 stupn\u011b, import podpo\u0159\u00ed prodeje reklamn\u00ed TV kampan\u00ed, kterou spust\u00ed po pr\u00e1zdnin\u00e1ch.<\/p>\n<p><strong>Erich Handl, Ob\u010dansk\u00e1 plov\u00e1rna<\/strong><\/p>\n","protected":false},"excerpt":{"rendered":"<p>Facelift Renaultu Captur m\u011bl sv\u011btovou premi\u00e9ru v dubnu, pro \u010desk\u00e9 novin\u00e1\u0159e uspo\u0159\u00e1dala mluv\u010d\u00ed zna\u010dky Jitka&#8230;<\/p>\n","protected":false},"author":1,"featured_media":385,"comment_status":"open","ping_status":"open","sticky":false,"template":"","format":"standard","meta":{"footnotes":""},"categories":[29,9],"tags":[],"class_list":["post-384","post","type-post","status-publish","format-standard","has-post-thumbnail","hentry","category-premiery","category-testy"],"_links":{"self":[{"href":"https:\/\/www.klubmn.cz\/index.php?rest_route=\/wp\/v2\/posts\/384","targetHints":{"allow":["GET"]}}],"collection":[{"href":"https:\/\/www.klubmn.cz\/index.php?rest_route=\/wp\/v2\/posts"}],"about":[{"href":"https:\/\/www.klubmn.cz\/index.php?rest_route=\/wp\/v2\/types\/post"}],"author":[{"embeddable":true,"href":"https:\/\/www.klubmn.cz\/index.php?rest_route=\/wp\/v2\/users\/1"}],"replies":[{"embeddable":true,"href":"https:\/\/www.klubmn.cz\/index.php?rest_route=%2Fwp%2Fv2%2Fcomments&post=384"}],"version-history":[{"count":1,"href":"https:\/\/www.klubmn.cz\/index.php?rest_route=\/wp\/v2\/posts\/384\/revisions"}],"predecessor-version":[{"id":386,"href":"https:\/\/www.klubmn.cz\/index.php?rest_route=\/wp\/v2\/posts\/384\/revisions\/386"}],"wp:featuredmedia":[{"embeddable":true,"href":"https:\/\/www.klubmn.cz\/index.php?rest_route=\/wp\/v2\/media\/385"}],"wp:attachment":[{"href":"https:\/\/www.klubmn.cz\/index.php?rest_route=%2Fwp%2Fv2%2Fmedia&parent=384"}],"wp:term":[{"taxonomy":"category","embeddable":true,"href":"https:\/\/www.klubmn.cz\/index.php?rest_route=%2Fwp%2Fv2%2Fcategories&post=384"},{"taxonomy":"post_tag","embeddable":true,"href":"https:\/\/www.klubmn.cz\/index.php?rest_route=%2Fwp%2Fv2%2Ftags&post=384"}],"curies":[{"name":"wp","href":"https:\/\/api.w.org\/{rel}","templated":true}]}}