{"id":394,"date":"2024-07-01T07:28:23","date_gmt":"2024-07-01T07:28:23","guid":{"rendered":"https:\/\/www.klubmn.cz\/?p=394"},"modified":"2024-07-01T07:28:23","modified_gmt":"2024-07-01T07:28:23","slug":"martin-jahn-bilancoval-vysledky-autoprumyslu-v-manesu","status":"publish","type":"post","link":"https:\/\/www.klubmn.cz\/?p=394","title":{"rendered":"Martin Jahn bilancoval v\u00fdsledky autopr\u016fmyslu v M\u00e1nesu"},"content":{"rendered":"<p><strong><b>Prezident Sdru\u017een\u00ed automobilov\u00e9ho pr\u016fmyslu Martin Jahn svolal na 27. \u010dervna v\u00fdro\u010dn\u00ed tiskovku do pra\u017esk\u00e9ho M\u00e1nesa. Shrnul v\u00fdsledky fin\u00e1ln\u00edch v\u00fdrobc\u016f a dodavatel\u016f, spole\u010dn\u011b se \u0161\u00e9fem dodavatelsk\u00e9 divize Petrem Nov\u00e1kem hovo\u0159ili i o aktu\u00e1ln\u00edch t\u00e9matech \u010desk\u00e9ho trhu.<br \/>\n<\/b><\/strong><span id=\"more-5042\"><\/span><span id=\"more-1330\"><\/span><!--more--><\/p>\n<p>Jahn ozn\u00e1mil n\u00e1vrat lo\u0148sk\u00e9 v\u00fdroby na p\u0159edkrizov\u00e9 hodnoty produkce, meziro\u010dn\u00ed r\u016fst exportu o v\u00edce ne\u017e 23 procent a tr\u017eeb na t\u00e9m\u011b\u0159 1,5 bilionu korun. Jde podle n\u011bj o op\u011btovn\u00e9 potvrzen\u00ed konkurenceschopnosti tuzemsk\u00e9ho automotive a vzhledem k v\u00e1ze sektoru v cel\u00e9 ekonomice tak\u00e9 o dobrou zpr\u00e1vu pro celou \u010ceskou republiku.<\/p>\n<p><em><i>\u201eV\u00fdsledky \u010desk\u00e9ho automobilov\u00e9ho pr\u016fmyslu za rok 2023 jsou jednozna\u010dn\u011b dobrou zpr\u00e1vou pro \u010deskou ekonomiku. Sektor byl tahounem pr\u016fmyslov\u00e9 v\u00fdroby a v\u00a0\u0159ad\u011b ukazatel\u016f ji\u017e p\u0159ekonal \u00farove\u0148 p\u0159ed pandemi\u00ed,\u201c <\/i><\/em>hodnot\u00ed lo\u0148sk\u00fd rok Martin Jahn, prezident Sdru\u017een\u00ed automobilov\u00e9ho pr\u016fmyslu, a dod\u00e1v\u00e1:<em><i>\u00a0\u201eFirmy\u00a0automotive si dok\u00e1zaly poradit s\u00a0dozn\u00edvaj\u00edc\u00ed volatilitou v\u00a0dodavatelsk\u00fdch \u0159et\u011bzc\u00edch a celkov\u011b dos\u00e1hly op\u011bt lep\u0161\u00edch v\u00fdsledk\u016f n\u011b\u017e o rok d\u0159\u00edve. Dostupn\u00e1 data ukazuj\u00ed i rozvoj v\u00fdroby elektromobil\u016f a jejich komponent, co\u017e je oblast, kter\u00e1 si n\u00e1rokuje nemal\u00e9 investice.\u201c <\/i><\/em><\/p>\n<p>P\u0159es \u0159adu zm\u00edn\u011bn\u00fdch v\u00fdzev dok\u00e1zali tuzem\u0161t\u00ed v\u00fdrobci automobil\u016f meziro\u010dn\u011b nav\u00fd\u0161it v\u00fdrobu o 14,8 procenta a po\u010dtem 1 397 816 vyroben\u00fdch osobn\u00edch automobil\u016f t\u00e9m\u011b\u0159 dos\u00e1hnout p\u0159edkrizov\u00fdch hodnot. Celkov\u00fd po\u010det vyroben\u00fdch silni\u010dn\u00edch vozidel vzrostl loni meziro\u010dn\u011b o 14 procent na 1 423 979 kus\u016f. Po\u010det vozidel s elektrick\u00fdm pohonem se zv\u00fd\u0161il o 34 procent, vyrobeno jich bylo 180 887, co\u017e p\u0159edstavovalo 13 procent z celkov\u00e9 produkce.<\/p>\n<p>Celkov\u00e9 tr\u017eby firem sdru\u017een\u00fdch v\u00a0AutoSAPu vzrostly meziro\u010dn\u011b o 17,7 procenta a dos\u00e1hly 1478,2 miliard korun. Je\u0161t\u011b rychleji rostl export (meziro\u010dn\u011b 23,2 %), p\u0159i\u010dem\u017e na tomto r\u016fstu se pod\u00edleli jak finalist\u00e9, tak dodavatel\u00e9.<\/p>\n<p>I nad\u00e1le plat\u00ed, \u017ee \u0159ada dodavatel\u016f sektoru automotive pat\u0159\u00ed mezi nejv\u011bt\u0161\u00ed \u010desk\u00e9 export\u00e9ry v\u016fbec. Nejv\u00fdznamn\u011bj\u0161\u00edm exportn\u00edm partnerem z\u016fst\u00e1v\u00e1 N\u011bmecko se stabiln\u00edm pod\u00edlem 29,4 procenta. Po brexitov\u00e9m propadu se na druh\u00e9 m\u00edsto vr\u00e1tila Velk\u00e1 Brit\u00e1nie, t\u011bsn\u011b n\u00e1sledovan\u00e1 Franci\u00ed a Slovenskem.<\/p>\n<p>Po\u010det zam\u011bstnanc\u016f ve firm\u00e1ch AutoSAPu dos\u00e1hl koncem lo\u0148sk\u00e9ho roku 141 862 osob a je dlouhodob\u011b stabiln\u00ed.<br \/>\nI p\u0159es slo\u017eitou ekonomickou situaci nedoch\u00e1zelo k propou\u0161t\u011bn\u00ed kmenov\u00fdch zam\u011bstnanc\u016f \u2013 vzhledem k trvaj\u00edc\u00ed neut\u011b\u0161en\u00e9 situaci na trhu pr\u00e1ce si firmy v maxim\u00e1ln\u00ed mo\u017en\u00e9 m\u00ed\u0159e sna\u017e\u00ed sv\u00e9 zam\u011bstnance udr\u017eet. Automotive je p\u0159itom i nad\u00e1le atraktivn\u00edm zam\u011bstnavatelem. Meziro\u010dn\u00ed n\u00e1r\u016fst mezd ve firm\u00e1ch AutoSAPu dos\u00e1hl 8,8 procenta a celkov\u00e1 pr\u016fm\u011brn\u00e1 mzda stoupla na 54 637 korun. Je tak o 30,2 procenta vy\u0161\u0161\u00ed ne\u017e v dal\u0161\u00edch sektorech zpracovatelsk\u00e9ho pr\u016fmyslu.<\/p>\n<p>Pokud jde o budoucnost automobilov\u00e9ho pr\u016fmyslu, definuj\u00ed \u010dlenov\u00e9 AutoSAPu n\u011bkolik oblast\u00ed, kter\u00e9 dal\u0161\u00ed rozvoj limituj\u00ed. Jednou z\u00a0nich je trh pr\u00e1ce. Viceprezident a m\u00edstop\u0159edseda Divize dodavatel\u016f a \u00fa\u010delov\u00fdch organizac\u00ed AutoSAPu Miroslav Dvo\u0159\u00e1k k\u00a0tomu \u0159\u00edk\u00e1:<\/p>\n<p>\u201e<em><i>Je nutn\u00e9, aby byl vytvo\u0159en a s pomoc\u00ed n\u00e1rodn\u00edch i EU struktur\u00e1ln\u00edch fond\u016f financov\u00e1n syst\u00e9m celo\u017eivotn\u00edho vzd\u011bl\u00e1v\u00e1n\u00ed pomoc\u00ed upskillingov\u00fdch a reskillingov\u00fdch platforem. V r\u00e1mci s\u00edl\u00edc\u00edho tlaku na zm\u011bny a navy\u0161ov\u00e1n\u00ed kvalifikace pracovn\u00edk\u016f<\/i><\/em>\u00a0<em><i>pomohou jejich rozvoji, udr\u017een\u00ed zam\u011bstnatelnosti a usnadn\u00ed rekvalifikace. Sou\u010dasn\u011b<\/i><\/em>\u00a0<em><i>zv\u00fd\u0161\u00ed intern\u00ed i extern\u00ed mobilitu pracovn\u00ed s\u00edly.\u201c <\/i><\/em><\/p>\n<p>Z\u00e1rove\u0148 zmi\u0148uje dal\u0161\u00ed podm\u00ednky nutn\u00e9 pro \u00fasp\u011b\u0161n\u00fd rozvoj dodavatelsk\u00e9 z\u00e1kladny: zjednodu\u0161en\u00ed migra\u010dn\u00edho procesu s c\u00edlem zajistit dostate\u010dn\u00fd po\u010det odborn\u00edk\u016f, tlak na novelizaci \u0161kolsk\u00e9ho z\u00e1kona, kter\u00e1 na \u00farovni st\u0159edn\u00edho vzd\u011bl\u00e1n\u00ed uz\u00e1kon\u00ed samostatnou du\u00e1ln\u00ed v\u011btev odborn\u00e9ho vzd\u011bl\u00e1v\u00e1n\u00ed, liberalizace pracovn\u011bpr\u00e1vn\u00ed legislativy nebo maxim\u00e1ln\u00ed digitalizaci pracovn\u011bpr\u00e1vn\u00ed agendy.<\/p>\n<p>Nutnost zajistit v\u011bt\u0161\u00ed flexibilitu trhu pr\u00e1ce zd\u016fraz\u0148uje i Martin Jahn a p\u0159id\u00e1v\u00e1 dal\u0161\u00ed t\u00e9mata, kter\u00e1 budou m\u00edt v\u00fdrazn\u00fd vliv na \u00fasp\u011bch tuzemsk\u00e9ho autopr\u016fmyslu v\u00a0budoucnu<em><i>: \u201eAutomobilov\u00fd sektor proch\u00e1z\u00ed jednou z\u00a0nejz\u00e1sadn\u011bj\u0161\u00edch transformac\u00ed a nyn\u00ed se nach\u00e1z\u00edme v\u00a0obdob\u00ed, kdy se l\u00e1me chleba. Za p\u0159edpokladu, \u017ee se poda\u0159\u00ed zajistit v\u011bt\u0161\u00ed flexibilitu trhu pr\u00e1ce, udr\u017eet na rozumn\u00e9 v\u00fd\u0161i ceny energi\u00ed a sou\u010dasn\u011b p\u0159ijmout konkr\u00e9tn\u00ed n\u00e1rodn\u00ed opat\u0159en\u00ed na podporu rozvoje <\/i><\/em><em><i>v\u011bdy a\u00a0v\u00fdzkumu, nen\u00ed d\u016fvod, pro\u010d by \u010desk\u00e9 firmy v\u00a0dlouhodob\u00e9m v\u00fdhledu na sv\u011btov\u00e9m automobilov\u00e9m trhu neusp\u011bly. \u017de konkurence, zejm\u00e9na asijsk\u00e1, nesp\u00ed, na to si mus\u00edme zvyknout. Prost\u00e9 uvalen\u00ed cel na \u010d\u00ednsk\u00e9 elektromobily to ale samo o sob\u011b nevy\u0159e\u0161\u00ed.\u201c <\/i><\/em><\/p>\n<p>A jak\u00fd bude ten nejbli\u017e\u0161\u00ed, leto\u0161n\u00ed rok? Martin Jahn z\u016fst\u00e1v\u00e1 optimistick\u00fd. <em><i>\u201eJakkoli s \u0159adou v\u00fdzev budeme muset pracovat i nad\u00e1le, jsem p\u0159esv\u011bd\u010den, a prvn\u00edch p\u011bt m\u011bs\u00edc\u016f 2024 tomu nasv\u011bd\u010duje, \u017ee automobilov\u00fd pr\u016fmysl m\u00e1 p\u0159ed sebou dal\u0161\u00ed rekordn\u00ed rok, jeho\u017e v\u00fdrobn\u00ed v\u00fdsledky budou v\u00fdrazn\u011b nad lo\u0148sk\u00fdm rokem a posunou n\u00e1s nad v\u00fdrobn\u00ed objemy p\u0159edkrizov\u00fdch let,\u201c<\/i><\/em>\u00a0\u0159\u00edk\u00e1 prezident Sdru\u017een\u00ed automobilov\u00e9ho pr\u016fmyslu.<\/p>\n<p><strong>Erich Handl, M\u00e1nes<\/strong><\/p>\n<p><img loading=\"lazy\" decoding=\"async\" class=\"alignnone size-medium wp-image-5050\" src=\"http:\/\/www.automakers.cz\/wp-content\/uploads\/2024\/06\/Autosap-Manes-TK-Jahn-900x675.jpg\" sizes=\"auto, (max-width: 900px) 100vw, 900px\" srcset=\"https:\/\/www.automakers.cz\/wp-content\/uploads\/2024\/06\/Autosap-Manes-TK-Jahn-900x675.jpg 900w, https:\/\/www.automakers.cz\/wp-content\/uploads\/2024\/06\/Autosap-Manes-TK-Jahn-1024x768.jpg 1024w, https:\/\/www.automakers.cz\/wp-content\/uploads\/2024\/06\/Autosap-Manes-TK-Jahn-768x576.jpg 768w, https:\/\/www.automakers.cz\/wp-content\/uploads\/2024\/06\/Autosap-Manes-TK-Jahn-1536x1152.jpg 1536w, https:\/\/www.automakers.cz\/wp-content\/uploads\/2024\/06\/Autosap-Manes-TK-Jahn.jpg 2040w\" alt=\"\" width=\"900\" height=\"675\" \/><\/p>\n<p><strong><b>\u00a0<\/b><\/strong><strong><b>\u010clensk\u00e9 firmy AutoSAP v\u00a0roce 2023 <\/b><\/strong><\/p>\n<ul>\n<li>Tr\u017eby: 1\u00a0478,2 mld. K\u010d (+17,7 %)<\/li>\n<li>Export: 1\u00a0265,7 mld. K\u010d (+23,2 %)<\/li>\n<li>Po\u010det zam\u011bstnanc\u016f: 141\u00a0862 osob<\/li>\n<li>Pr\u016fm\u011brn\u00e1 mzda: 54\u00a0637 (+8,8 %)<\/li>\n<\/ul>\n<p><strong><b>V\u00fdrobci vozidel v\u00a0roce 2023<\/b><\/strong><\/p>\n<ul>\n<li>Tr\u017eby: 908,2 mld. K\u010d (+23,4 %),<\/li>\n<li>Export: 831,6 mld. K\u010d (+29,4)<\/li>\n<li>Zam\u011bstnanost: 47 210 osob (-0,9 %)<\/li>\n<li>Pr\u016fm\u011brn\u00e1 mzda: 66 921 K\u010d (+9,5 %)<\/li>\n<li>V\u00fdroba:\n<ul>\n<li>Osobn\u00ed automobily: 1\u00a0397 816 kus\u016f (+14,8 %)<\/li>\n<li>Autobusy: 5 253 kus\u016f (-1,3 %)<\/li>\n<li>N\u00e1kladn\u00ed automobily: 1 432 kus\u016f (+6,3 %)<\/li>\n<li>Motocykly: 755 kus\u016f (-53,5 %)<\/li>\n<li>P\u0159\u00edv\u011bsy a n\u00e1v\u011bsy: 18 723 kus\u016f (-19,3 %)<\/li>\n<\/ul>\n<\/li>\n<\/ul>\n<p><strong><b>Dodavatel\u00e9 v\u00a0roce 2023 <\/b><\/strong><\/p>\n<ul>\n<li>Tr\u017eby: 542,5 mld. K\u010d (+10,4 %),<\/li>\n<li>Export: 423,3 mld. K\u010d (+12,6 %)<\/li>\n<li>Zam\u011bstnanost: 84 336 osob (+0,5 %)<\/li>\n<li>Pr\u016fm\u011brn\u00e1 mzda: 47 050 K\u010d (+8,7 %)<\/li>\n<\/ul>\n<p><strong><b>\u00da\u010delov\u00e9 organizace v\u00a0roce 2023<\/b><\/strong><\/p>\n<ul>\n<li>Tr\u017eby: 27,6 mld. K\u010d (-3,6 %),<\/li>\n<li>Export: 10,8 mld. K\u010d (+24,9 %)<\/li>\n<li>Zam\u011bstnanost: 10 316 osob (+3,8 %)<\/li>\n<li>Pr\u016fm\u011brn\u00e1 mzda: 60 445 K\u010d (+7,1 %)<\/li>\n<\/ul>\n","protected":false},"excerpt":{"rendered":"<p>Prezident Sdru\u017een\u00ed automobilov\u00e9ho pr\u016fmyslu Martin Jahn svolal na 27. \u010dervna v\u00fdro\u010dn\u00ed tiskovku do pra\u017esk\u00e9ho M\u00e1nesa&#8230;.<\/p>\n","protected":false},"author":1,"featured_media":395,"comment_status":"open","ping_status":"open","sticky":false,"template":"","format":"standard","meta":{"footnotes":""},"categories":[2],"tags":[],"class_list":["post-394","post","type-post","status-publish","format-standard","has-post-thumbnail","hentry","category-tiskovky"],"_links":{"self":[{"href":"https:\/\/www.klubmn.cz\/index.php?rest_route=\/wp\/v2\/posts\/394","targetHints":{"allow":["GET"]}}],"collection":[{"href":"https:\/\/www.klubmn.cz\/index.php?rest_route=\/wp\/v2\/posts"}],"about":[{"href":"https:\/\/www.klubmn.cz\/index.php?rest_route=\/wp\/v2\/types\/post"}],"author":[{"embeddable":true,"href":"https:\/\/www.klubmn.cz\/index.php?rest_route=\/wp\/v2\/users\/1"}],"replies":[{"embeddable":true,"href":"https:\/\/www.klubmn.cz\/index.php?rest_route=%2Fwp%2Fv2%2Fcomments&post=394"}],"version-history":[{"count":2,"href":"https:\/\/www.klubmn.cz\/index.php?rest_route=\/wp\/v2\/posts\/394\/revisions"}],"predecessor-version":[{"id":397,"href":"https:\/\/www.klubmn.cz\/index.php?rest_route=\/wp\/v2\/posts\/394\/revisions\/397"}],"wp:featuredmedia":[{"embeddable":true,"href":"https:\/\/www.klubmn.cz\/index.php?rest_route=\/wp\/v2\/media\/395"}],"wp:attachment":[{"href":"https:\/\/www.klubmn.cz\/index.php?rest_route=%2Fwp%2Fv2%2Fmedia&parent=394"}],"wp:term":[{"taxonomy":"category","embeddable":true,"href":"https:\/\/www.klubmn.cz\/index.php?rest_route=%2Fwp%2Fv2%2Fcategories&post=394"},{"taxonomy":"post_tag","embeddable":true,"href":"https:\/\/www.klubmn.cz\/index.php?rest_route=%2Fwp%2Fv2%2Ftags&post=394"}],"curies":[{"name":"wp","href":"https:\/\/api.w.org\/{rel}","templated":true}]}}