{"id":403,"date":"2024-07-04T09:16:53","date_gmt":"2024-07-04T09:16:53","guid":{"rendered":"https:\/\/www.klubmn.cz\/?p=403"},"modified":"2024-07-04T09:16:53","modified_gmt":"2024-07-04T09:16:53","slug":"bmw-lounge-opet-v-cisarskych-laznich","status":"publish","type":"post","link":"https:\/\/www.klubmn.cz\/?p=403","title":{"rendered":"BMW Lounge op\u011bt v C\u00edsa\u0159sk\u00fdch l\u00e1zn\u00edch"},"content":{"rendered":"<p><strong>Festivalov\u00e1 BMW Lounge se v r\u00e1mci 58. ro\u010dn\u00edku karlovarsk\u00e9ho filmov\u00e9ho festivalu po dvou letech op\u011bt vr\u00e1tila na tradi\u010dn\u00ed m\u00edsto p\u0159ed C\u00edsa\u0159sk\u00e9 l\u00e1zn\u011b v Karlov\u00fdch Varech. <\/strong><span id=\"more-5208\"><\/span><!--more--><\/p>\n<p>P\u0159ed C\u00edsa\u0159sk\u00fdmi l\u00e1zn\u011bmi n\u00e1s p\u0159iv\u00edtal prvn\u00ed festivalov\u00fd denmluv\u010d\u00ed zna\u010dky David Haidinger. \u201eHosty festivalu p\u0159ev\u00e1\u017e\u00ed\u00a0 celkem 88 na\u0161ich limuz\u00edn. V\u011bt\u0161ina z nich je na \u010desk\u00fdch zna\u010dk\u00e1ch, ale \u010d\u00e1st flotily jsme si museli vyp\u016fj\u010dit v Mnichov\u011b,\u201c up\u0159esnil situaci.<\/p>\n<p><img loading=\"lazy\" decoding=\"async\" class=\"alignnone size-medium wp-image-5236\" src=\"http:\/\/www.automakers.cz\/wp-content\/uploads\/2024\/07\/BMW-Vary-motorky-900x675.jpg\" sizes=\"auto, (max-width: 900px) 100vw, 900px\" srcset=\"https:\/\/www.automakers.cz\/wp-content\/uploads\/2024\/07\/BMW-Vary-motorky-900x675.jpg 900w, https:\/\/www.automakers.cz\/wp-content\/uploads\/2024\/07\/BMW-Vary-motorky-1024x768.jpg 1024w, https:\/\/www.automakers.cz\/wp-content\/uploads\/2024\/07\/BMW-Vary-motorky-768x576.jpg 768w, https:\/\/www.automakers.cz\/wp-content\/uploads\/2024\/07\/BMW-Vary-motorky-1536x1152.jpg 1536w, https:\/\/www.automakers.cz\/wp-content\/uploads\/2024\/07\/BMW-Vary-motorky.jpg 2040w\" alt=\"\" width=\"900\" height=\"675\" \/>V l\u00e1ze\u0148sk\u00e9 expozici jsou k vid\u011bn\u00ed nejen aktu\u00e1ln\u00ed novinky v\u00fdrobn\u00edho programu, ale tak\u00e9 historick\u00e9 modely. Krom\u011b toho jsou p\u0159ipraven\u00e9 dal\u0161\u00ed modely nejen zna\u010dky BMW, ale tak\u00e9 MINI a BMW Motorrad, kter\u00e9 je mo\u017en\u00e9 vyzkou\u0161et b\u011bhem testovac\u00edch j\u00edzd. Pro zodpov\u011bzen\u00ed jak\u00fdchkoliv dotaz\u016f nejen k vystaven\u00fdm voz\u016fm a motocykl\u016fm jsou na m\u00edst\u011b k dispozici specialist\u00e9.<\/p>\n<p><strong>N\u00e1bytek od Ligne Roset<\/strong><\/p>\n<p>BMW Lounge nab\u00edz\u00ed \u0161pi\u010dkov\u00fd designov\u00fd n\u00e1bytek od Ligne Roset, nap\u0159\u00edklad pohovky Ploum, ze studia p\u0159edn\u00edch design\u00e9r\u016f Ronana &amp; Erwana Bouroullecov\u00fdch nebo k\u0159esla Fifty z designov\u00e9ho studia D\u00f6gg &amp; Arnved. Expozici z\u00e1rove\u0148 dopl\u0148uj\u00ed luxusn\u00ed psac\u00ed pot\u0159eby a ko\u017een\u00e9 dopl\u0148ky renomovan\u00e9 zna\u010dky Montblanc a k\u0159i\u0161\u0165\u00e1lov\u00e9 v\u00e1zy od sv\u011btozn\u00e1m\u00e9ho japonsk\u00e9ho architekta Kengo Kumy od Lasvitu.<\/p>\n<p>Sou\u010d\u00e1st\u00ed BMW Lounge v budov\u011b C\u00edsa\u0159sk\u00fdch l\u00e1zn\u00ed je tak\u00e9 kav\u00e1rna, kter\u00e1 je, stejn\u011b jako cel\u00e1 expozice, otev\u0159ena po dobu kon\u00e1n\u00ed festivalu od 10 do 18 hodin.<\/p>\n<p><strong>Erich Handl, Karlovy Vary<\/strong><\/p>\n<p><img loading=\"lazy\" decoding=\"async\" class=\"alignnone size-medium wp-image-5210\" src=\"http:\/\/www.automakers.cz\/wp-content\/uploads\/2024\/07\/P90557983_highRes_bmw-at-kviff-2024-06-small-5-900x600.jpg\" sizes=\"auto, (max-width: 900px) 100vw, 900px\" srcset=\"https:\/\/www.automakers.cz\/wp-content\/uploads\/2024\/07\/P90557983_highRes_bmw-at-kviff-2024-06-small-5-900x600.jpg 900w, https:\/\/www.automakers.cz\/wp-content\/uploads\/2024\/07\/P90557983_highRes_bmw-at-kviff-2024-06-small-5-1024x683.jpg 1024w, https:\/\/www.automakers.cz\/wp-content\/uploads\/2024\/07\/P90557983_highRes_bmw-at-kviff-2024-06-small-5-768x512.jpg 768w, https:\/\/www.automakers.cz\/wp-content\/uploads\/2024\/07\/P90557983_highRes_bmw-at-kviff-2024-06-small-5-1536x1024.jpg 1536w, https:\/\/www.automakers.cz\/wp-content\/uploads\/2024\/07\/P90557983_highRes_bmw-at-kviff-2024-06-small-5-2048x1366.jpg 2048w\" alt=\"\" width=\"900\" height=\"600\" \/><\/p>\n","protected":false},"excerpt":{"rendered":"<p>Festivalov\u00e1 BMW Lounge se v r\u00e1mci 58. ro\u010dn\u00edku karlovarsk\u00e9ho filmov\u00e9ho festivalu po dvou letech op\u011bt&#8230;<\/p>\n","protected":false},"author":1,"featured_media":404,"comment_status":"open","ping_status":"open","sticky":false,"template":"","format":"standard","meta":{"footnotes":""},"categories":[14,33],"tags":[],"class_list":["post-403","post","type-post","status-publish","format-standard","has-post-thumbnail","hentry","category-eventy","category-marketing"],"_links":{"self":[{"href":"https:\/\/www.klubmn.cz\/index.php?rest_route=\/wp\/v2\/posts\/403","targetHints":{"allow":["GET"]}}],"collection":[{"href":"https:\/\/www.klubmn.cz\/index.php?rest_route=\/wp\/v2\/posts"}],"about":[{"href":"https:\/\/www.klubmn.cz\/index.php?rest_route=\/wp\/v2\/types\/post"}],"author":[{"embeddable":true,"href":"https:\/\/www.klubmn.cz\/index.php?rest_route=\/wp\/v2\/users\/1"}],"replies":[{"embeddable":true,"href":"https:\/\/www.klubmn.cz\/index.php?rest_route=%2Fwp%2Fv2%2Fcomments&post=403"}],"version-history":[{"count":1,"href":"https:\/\/www.klubmn.cz\/index.php?rest_route=\/wp\/v2\/posts\/403\/revisions"}],"predecessor-version":[{"id":405,"href":"https:\/\/www.klubmn.cz\/index.php?rest_route=\/wp\/v2\/posts\/403\/revisions\/405"}],"wp:featuredmedia":[{"embeddable":true,"href":"https:\/\/www.klubmn.cz\/index.php?rest_route=\/wp\/v2\/media\/404"}],"wp:attachment":[{"href":"https:\/\/www.klubmn.cz\/index.php?rest_route=%2Fwp%2Fv2%2Fmedia&parent=403"}],"wp:term":[{"taxonomy":"category","embeddable":true,"href":"https:\/\/www.klubmn.cz\/index.php?rest_route=%2Fwp%2Fv2%2Fcategories&post=403"},{"taxonomy":"post_tag","embeddable":true,"href":"https:\/\/www.klubmn.cz\/index.php?rest_route=%2Fwp%2Fv2%2Ftags&post=403"}],"curies":[{"name":"wp","href":"https:\/\/api.w.org\/{rel}","templated":true}]}}