{"id":428,"date":"2024-07-15T10:46:01","date_gmt":"2024-07-15T10:46:01","guid":{"rendered":"https:\/\/www.klubmn.cz\/?p=428"},"modified":"2024-07-15T11:06:06","modified_gmt":"2024-07-15T11:06:06","slug":"bednar-opustil-vltava-labe-media","status":"publish","type":"post","link":"https:\/\/www.klubmn.cz\/?p=428","title":{"rendered":"Bedn\u00e1\u0159 opustil Vltava Labe Media"},"content":{"rendered":"<div>\n<p><strong>Medi\u00e1ln\u00ed skupinu VLM koncem \u010dervna opustil Petr Bedn\u00e1\u0159, kter\u00fd dosud zodpov\u00eddal za digit\u00e1ln\u00ed aktivity a\u00a0classifieds. Z\u00a0firmy ode\u0161el po dev\u00edti letech.<\/strong><\/p>\n<p>\u201eByl to pr\u00e1v\u011b on, kdo se ve velk\u00e9 m\u00ed\u0159e pod\u00edlel na transformaci tradi\u010dn\u011b printov\u00e9ho vydavatelstv\u00ed na konkurenceschopnou multimedi\u00e1ln\u00ed skupinu, kterou je VLM dnes,\u201c prohl\u00e1sil <strong>V\u00edt Nantl<\/strong>, p\u0159edseda p\u0159edstavenstva a\u00a0gener\u00e1ln\u00ed \u0159editel Vltava Labe Media.<\/p>\n<div id=\"attachment_285411\" class=\"wp-caption alignnone\">\n<p id=\"caption-attachment-285411\" class=\"wp-caption-text\">V\u00edt Nantl od ledna 2018 \u0159\u00edd\u00ed Vltava Labe Media z pozice gener\u00e1ln\u00edho \u0159editele a p\u0159edsedy p\u0159edstavenstva vydavatelstv\u00ed, kam nastoupil v b\u0159eznu 2017 do funkce finan\u010dn\u00edho \u0159editele. P\u0159i\u0161el z mate\u0159sk\u00e9 firmy Penta Investments, kde pracoval od roku 2009 jako \u0159editel odboru anal\u00fdz. P\u0159ed p\u016fsoben\u00edm v Pent\u011b vedl analytick\u00fd t\u00fdm v PPF, tak\u00e9 pracoval ve spole\u010dnostech RSM Tac a Newton.<\/p>\n<p><strong>P\u0159edstavenstvo m\u00e1 nyn\u00ed 4 \u010dleny<\/strong><\/p>\n<\/div>\n<p>Bedn\u00e1\u0159ov\u00fdm odchodem se p\u0159edstavenstvo zu\u017euje z\u00a0p\u011bti \u010dlen\u016f na \u010dty\u0159i. Krom\u011b Nantla je tvo\u0159\u00ed <strong>Dominika Kalinov\u00e1<\/strong>\u00a0jako m\u00edstop\u0159edsedkyn\u011b p\u0159edstavenstva zodpov\u011bdn\u00e1 za finance, HR a\u00a0spr\u00e1vu, <strong>Jitka Afsahi<\/strong> jako \u010dlenka p\u0159edstavenstva zodpov\u011bdn\u00e1 za nezpravodajsk\u00fdch obsah, marketing, distribuci a\u00a0z\u00e1kaznickou p\u00e9\u010di a\u00a0<strong>Petr Marek<\/strong> coby \u010dlen p\u0159edstavenstva zodpov\u011bdn\u00fd za zpravodajsk\u00fd obsah pod zna\u010dkou <em><strong>Den\u00edk<\/strong><\/em> a\u00a0za tisk\u00e1rny. Aktivity, za n\u011b\u017e ve Vltava Labe Media zodpov\u00eddal Bedn\u00e1\u0159, se rozd\u011bl\u00ed mezi st\u00e1vaj\u00edc\u00ed \u010dleny p\u0159edstavenstva a\u00a0odpov\u011bdn\u00e9 mana\u017eery skupiny.<\/p>\n<p>Bedn\u00e1\u0159 byl za Vltava Labe Media nahrazen tak\u00e9 v\u00a0odborn\u00fdch vydavatelsk\u00fdch sdru\u017een\u00edch. Ve funkci \u010dlena v\u00fdkonn\u00e9 rady <em><strong>Sdru\u017een\u00ed pro internetov\u00fd rozvoj (SPIR)<\/strong><\/em> jej st\u0159\u00edd\u00e1 Petr Marek a\u00a0ve sdru\u017een\u00ed \u010desk\u00fdch provozovatel\u016f online m\u00e9di\u00ed <em><strong>CPEx<\/strong><\/em> pak <strong>Franti\u0161ek V\u00e1\u0148a<\/strong>, kter\u00fd od ledna ve skupin\u011b zodpov\u00edd\u00e1 za programatickou reklamu.<\/p>\n<p>Zdroj: mediar.cz<br \/>\n<!--more--><\/p>\n<\/div>\n","protected":false},"excerpt":{"rendered":"<p>Medi\u00e1ln\u00ed skupinu VLM koncem \u010dervna opustil Petr Bedn\u00e1\u0159, kter\u00fd dosud zodpov\u00eddal za digit\u00e1ln\u00ed aktivity a\u00a0classifieds&#8230;.<\/p>\n","protected":false},"author":1,"featured_media":429,"comment_status":"open","ping_status":"open","sticky":false,"template":"","format":"standard","meta":{"footnotes":""},"categories":[20,11],"tags":[],"class_list":["post-428","post","type-post","status-publish","format-standard","has-post-thumbnail","hentry","category-media","category-personalie"],"_links":{"self":[{"href":"https:\/\/www.klubmn.cz\/index.php?rest_route=\/wp\/v2\/posts\/428","targetHints":{"allow":["GET"]}}],"collection":[{"href":"https:\/\/www.klubmn.cz\/index.php?rest_route=\/wp\/v2\/posts"}],"about":[{"href":"https:\/\/www.klubmn.cz\/index.php?rest_route=\/wp\/v2\/types\/post"}],"author":[{"embeddable":true,"href":"https:\/\/www.klubmn.cz\/index.php?rest_route=\/wp\/v2\/users\/1"}],"replies":[{"embeddable":true,"href":"https:\/\/www.klubmn.cz\/index.php?rest_route=%2Fwp%2Fv2%2Fcomments&post=428"}],"version-history":[{"count":3,"href":"https:\/\/www.klubmn.cz\/index.php?rest_route=\/wp\/v2\/posts\/428\/revisions"}],"predecessor-version":[{"id":434,"href":"https:\/\/www.klubmn.cz\/index.php?rest_route=\/wp\/v2\/posts\/428\/revisions\/434"}],"wp:featuredmedia":[{"embeddable":true,"href":"https:\/\/www.klubmn.cz\/index.php?rest_route=\/wp\/v2\/media\/429"}],"wp:attachment":[{"href":"https:\/\/www.klubmn.cz\/index.php?rest_route=%2Fwp%2Fv2%2Fmedia&parent=428"}],"wp:term":[{"taxonomy":"category","embeddable":true,"href":"https:\/\/www.klubmn.cz\/index.php?rest_route=%2Fwp%2Fv2%2Fcategories&post=428"},{"taxonomy":"post_tag","embeddable":true,"href":"https:\/\/www.klubmn.cz\/index.php?rest_route=%2Fwp%2Fv2%2Ftags&post=428"}],"curies":[{"name":"wp","href":"https:\/\/api.w.org\/{rel}","templated":true}]}}