{"id":439,"date":"2024-07-19T07:36:31","date_gmt":"2024-07-19T07:36:31","guid":{"rendered":"https:\/\/www.klubmn.cz\/?p=439"},"modified":"2024-07-19T07:36:31","modified_gmt":"2024-07-19T07:36:31","slug":"velicka-z-toyoty-bezel-s-olympijskou-pochodni","status":"publish","type":"post","link":"https:\/\/www.klubmn.cz\/?p=439","title":{"rendered":"Veli\u010dka z Toyoty b\u011b\u017eel s olympijskou pochodn\u00ed"},"content":{"rendered":"<p><b>V m\u011bste\u010dku Le Malesherbois odstartovala 10, \u010dervence dal\u0161\u00ed \u010d\u00e1st \u0161tafety s olympijskou pochodn\u00ed. Ohe\u0148 z \u0159eck\u00fdch At\u00e9n vyrazil u\u017e v polovin\u011b dubna a tohle byla u\u017e 53. etapa jeho cesty do Pa\u0159\u00ed\u017ee. Z \u010desk\u00e9ho pohledu byla unik\u00e1tn\u00ed \u2013 jej\u00ed sou\u010d\u00e1st\u00ed byl toti\u017e jedin\u00fd \u010cech, kter\u00fd letos pochode\u0148 mohl n\u00e9st. <\/b><span id=\"more-5616\"><\/span><!--more--><\/p>\n<p>Letos je to p\u0159esn\u011b 20 let, co Michal Veli\u010dka pracuje v \u010desk\u00e9 Toyot\u011b. Aktu\u00e1ln\u011b p\u016fsob\u00ed jako produktov\u00fd a marketingov\u00fd \u0159editel. Oslavil to opravdu stylov\u011b \u2013 stal se sou\u010d\u00e1st\u00ed \u0161tafety, kter\u00e1 26. \u010dervence donese olympijskou pochode\u0148 a\u017e do Pa\u0159\u00ed\u017ee, kde odstartuje leto\u0161n\u00ed letn\u00ed olympi\u00e1da.<\/p>\n<p><img loading=\"lazy\" decoding=\"async\" class=\"alignnone size-medium wp-image-5618\" src=\"http:\/\/www.automakers.cz\/wp-content\/uploads\/2024\/07\/PochodenParizMichal_0006-2-small-2-900x675.jpg\" sizes=\"auto, (max-width: 900px) 100vw, 900px\" srcset=\"https:\/\/www.automakers.cz\/wp-content\/uploads\/2024\/07\/PochodenParizMichal_0006-2-small-2-900x675.jpg 900w, https:\/\/www.automakers.cz\/wp-content\/uploads\/2024\/07\/PochodenParizMichal_0006-2-small-2-768x576.jpg 768w, https:\/\/www.automakers.cz\/wp-content\/uploads\/2024\/07\/PochodenParizMichal_0006-2-small-2.jpg 1024w\" alt=\"\" width=\"900\" height=\"675\" \/>\u201e\u017de je to zrovna on, nen\u00ed n\u00e1hoda. V r\u00e1mci programu Start Your Impossible, kter\u00fd organizuje Toyota pro v\u0161echny sv\u00e9 evropsk\u00e9 zam\u011bstnance a kter\u00fd je hlavn\u011b o p\u0159ekon\u00e1v\u00e1n\u00ed sama sebe, plnil za posledn\u00edch bezm\u00e1la dva a p\u016fl roku speci\u00e1ln\u00ed aplikaci sv\u00fdmi sportovn\u00edmi a v\u011bdomostn\u00edmi v\u00fdkony. Pe\u010dliv\u011b, se zaujet\u00edm dobrovoln\u011b a nad r\u00e1mec v\u0161ech ostatn\u00edch povinnost\u00ed. Den za dnem, t\u00fdden za t\u00fddnem, m\u011bs\u00edc po m\u011bs\u00edci,\u201c \u0159\u00edk\u00e1 o Michalovi \u0161\u00e9f \u010desk\u00e9 Toyoty Martin Pele\u0161ka.<\/p>\n<p>Za pln\u011bn\u00ed nejr\u016fzn\u011bj\u0161\u00edch v\u00fdzev ve zm\u00edn\u011bn\u00e9 aplikaci zam\u011bstnanci pr\u016fb\u011b\u017en\u011b z\u00edsk\u00e1vaj\u00ed odm\u011bny p\u0159ev\u00e1\u017en\u011b s olympijskou tematikou. A ob\u010das je tou odm\u011bnou i z\u00e1\u017eitek, kter\u00fd se jinak sehnat prost\u011b ned\u00e1. K tomuto c\u00edli Michalovi jist\u011b pomohly i pravideln\u00e9 v\u00fdb\u011bhy, kter\u00e9 pro zam\u011bstnance \u010desk\u00e9 Toyoty ka\u017ed\u00fd t\u00fdden po\u0159\u00e1daj\u00ed olympijsk\u00fd v\u00edt\u011bz v modern\u00edm p\u011btiboji David Svoboda a jeho bratr, triatlonista Tom\u00e1\u0161, oba \u010dlenov\u00e9 ambasadorsk\u00e9ho Teamu Toyota.<\/p>\n<p><b>Olympijsk\u00fd ohe\u0148 v \u010desk\u00fdch rukou<\/b><\/p>\n<p>V\u00fdsadu n\u00e9st olympijskou pochode\u0148 z\u00edskal Michal u\u017e p\u0159ed rokem. P\u0159i zap\u00e1len\u00ed olympijsk\u00e9ho ohn\u011b sice byli letos je\u0161t\u011b dva jin\u00ed \u010ce\u0161i, ov\u0161em p\u0159\u00edmo na trati se stal opravdu jedin\u00fdm.<\/p>\n<p>A te\u010f kone\u010dn\u011b nade\u0161el ten den. R\u00e1no od organiz\u00e1tor\u016f, mezi nimi\u017e byla i spousta dobrovoln\u00edk\u016f p\u0159\u00edmo z m\u011bste\u010dka Le Malesherbois, dostal speci\u00e1ln\u00ed b\u00edlou uniformu, v n\u00ed\u017e se na tra\u0165 vyd\u00e1vaj\u00ed v\u0161ichni \u010dlenov\u00e9 \u0161tafety, a pak u\u017e si poprv\u00e9 obt\u011b\u017ekal slavnou pochode\u0148.<\/p>\n<p>\u201eJe mnohem leh\u010d\u00ed, ne\u017e vypad\u00e1. To bylo prvn\u00ed, co m\u011b napadlo, kdy\u017e jsem ji dostal do ruky. A hned po tom mi do\u0161lo, \u017ee budu v jednu chv\u00edli jedin\u00fd na sv\u011bt\u011b, kdo bude m\u00edt v rukou olympijsk\u00fd ohe\u0148,\u201c vzpom\u00edn\u00e1 Michal.<\/p>\n<p><img loading=\"lazy\" decoding=\"async\" class=\"alignnone size-medium wp-image-5619\" src=\"http:\/\/www.automakers.cz\/wp-content\/uploads\/2024\/07\/PochodenParizMichal_0009-3-small-3-900x675.jpg\" sizes=\"auto, (max-width: 900px) 100vw, 900px\" srcset=\"https:\/\/www.automakers.cz\/wp-content\/uploads\/2024\/07\/PochodenParizMichal_0009-3-small-3-900x675.jpg 900w, https:\/\/www.automakers.cz\/wp-content\/uploads\/2024\/07\/PochodenParizMichal_0009-3-small-3-1024x768.jpg 1024w, https:\/\/www.automakers.cz\/wp-content\/uploads\/2024\/07\/PochodenParizMichal_0009-3-small-3-768x576.jpg 768w, https:\/\/www.automakers.cz\/wp-content\/uploads\/2024\/07\/PochodenParizMichal_0009-3-small-3.jpg 1536w\" alt=\"\" width=\"900\" height=\"675\" \/>Pochode\u0148 v\u00e1\u017e\u00ed 1,5 kilogramu, m\u011b\u0159\u00ed 70 centimetr\u016f a letos ji navrhl francouzsk\u00fd design\u00e9r Mathieu Lehanneur. P\u0159esto\u017ee b\u011b\u017ec\u016f, kte\u0159\u00ed ji postupn\u011b ponesou, je 10 000, vyrobeno bylo jen 2000 pochodn\u00ed, co\u017e je p\u011btkr\u00e1t m\u00e9n\u011b, ne\u017e v p\u0159\u00edpad\u011b p\u0159edchoz\u00edch olympijsk\u00fdch her. Organiz\u00e1to\u0159i se toti\u017e sna\u017e\u00ed o co nejv\u011bt\u0161\u00ed udr\u017eitelnost, a tak byla tak\u00e9 p\u0159i v\u00fdrob\u011b pou\u017eita speci\u00e1ln\u00ed recyklovan\u00e1 ocel.<\/p>\n<p>53. etapa m\u011bla za \u00fakol p\u0159en\u00e9st ohe\u0148 z Le Malesherbois do Sully-en-Loire a do jej\u00edho prvn\u00edho rann\u00edho \u00faseku nastoupilo celkem 14 b\u011b\u017ec\u016f, Michal byl osm\u00fd. S n\u00edm b\u011b\u017eeli z\u00e1stupci dal\u0161\u00edch partnersk\u00fdch firem, jako je Louis Vuitton, m\u00f3dn\u00ed d\u016fm, kter\u00fd vytvo\u0159il stylov\u00e9 obaly na pochodn\u011b, ale i medaile, nebo technologick\u00fd partner olympi\u00e1dy Atos. Byla tu ale t\u0159eba i studentka m\u00edstn\u00ed sportovn\u00ed \u0161koly, kterou p\u0159ihl\u00e1sila jej\u00ed u\u010ditelka.<\/p>\n<p>\u201eMn\u011b zase p\u0159ed\u00e1val ohe\u0148 Laurent Jeuffroy, francouzsk\u00fd reprezentant v judo kata a n\u011bkolikan\u00e1sobn\u00fd sv\u011btov\u00fd i evropsk\u00fd \u0161ampion,\u201c prozrazuje Michal Veli\u010dka.<\/p>\n<p>\u00dasek, kter\u00e9ho se \u00fa\u010dastnil, m\u011bl zhruba 2,5 kilometru, p\u0159i\u010dem\u017e ka\u017ed\u00fd b\u011b\u017eel 200 metr\u016f. Nikdo proto nikam nesp\u011bchal. \u201eOrganiz\u00e1to\u0159i n\u00e1m kladli na srdce, a\u0165 dr\u017e\u00edme rychlost \u010dty\u0159 kilometr\u016f v hodin\u011b, kterou ur\u010dovalo auto p\u0159ed n\u00e1mi \u2013 samoz\u0159ejm\u011b Toyota. Byla to jen takov\u00e1 rychlej\u0161\u00ed ch\u016fze,\u201c sm\u011bje se.<\/p>\n<p>D\u00edky tomu si v\u0161ak ten okam\u017eik stihl n\u00e1le\u017eit\u011b u\u017e\u00edt. \u201e\u010cekal jsem, \u017ee to bude skv\u011bl\u00e9, z\u00e1\u017eitek, kter\u00fd u\u017e se nebude opakovat. P\u0159esto m\u011b ta atmosf\u00e9ra p\u0159ekvapila, bylo to nepopsateln\u011b siln\u00e9,\u201c vzpom\u00edn\u00e1 je\u0161t\u011b pln\u00fd emoc\u00ed.<\/p>\n<p><b>Zlat\u00e9 srdce pochodn\u011b na pam\u00e1tku<\/b><\/p>\n<p>Pochode\u0148 sv\u00fdm tvarem p\u0159ipom\u00edn\u00e1 Eiffelovu v\u011b\u017e, kter\u00e1 se odr\u00e1\u017e\u00ed na hladin\u011b \u0159eky Seiny. Tam, kde se setk\u00e1v\u00e1 leskl\u00fd povrch \u0159eky s matn\u00fdm materi\u00e1lem v\u011b\u017ee, je ukryt\u00fd zlat\u00fd krou\u017eek, kter\u00fd si v\u0161ichni b\u011b\u017eci mohli nechat, aby jim tento z\u00e1\u017eitek p\u0159ipom\u00ednal je\u0161t\u011b dlouho pot\u00e9, co olympijsk\u00fd ohe\u0148 zase na \u010das uhasne.<\/p>\n<p><img loading=\"lazy\" decoding=\"async\" class=\"alignnone size-full wp-image-5620\" src=\"http:\/\/www.automakers.cz\/wp-content\/uploads\/2024\/07\/PochodenParizMichal_0003-4-small-4.jpg\" alt=\"\" width=\"9805\" height=\"7354\" \/><\/p>\n<div class=\"heateor_sss_sharing_container heateor_sss_vertical_sharing heateor_sss_bottom_sharing\" data-heateor-sss-href=\"https:\/\/www.automakers.cz\/?p=5616\"><\/div>\n<p>&nbsp;<\/p>\n","protected":false},"excerpt":{"rendered":"<p>V m\u011bste\u010dku Le Malesherbois odstartovala 10, \u010dervence dal\u0161\u00ed \u010d\u00e1st \u0161tafety s olympijskou pochodn\u00ed. Ohe\u0148 z&#8230;<\/p>\n","protected":false},"author":1,"featured_media":440,"comment_status":"open","ping_status":"open","sticky":false,"template":"","format":"standard","meta":{"footnotes":""},"categories":[33,11],"tags":[],"class_list":["post-439","post","type-post","status-publish","format-standard","has-post-thumbnail","hentry","category-marketing","category-personalie"],"_links":{"self":[{"href":"https:\/\/www.klubmn.cz\/index.php?rest_route=\/wp\/v2\/posts\/439","targetHints":{"allow":["GET"]}}],"collection":[{"href":"https:\/\/www.klubmn.cz\/index.php?rest_route=\/wp\/v2\/posts"}],"about":[{"href":"https:\/\/www.klubmn.cz\/index.php?rest_route=\/wp\/v2\/types\/post"}],"author":[{"embeddable":true,"href":"https:\/\/www.klubmn.cz\/index.php?rest_route=\/wp\/v2\/users\/1"}],"replies":[{"embeddable":true,"href":"https:\/\/www.klubmn.cz\/index.php?rest_route=%2Fwp%2Fv2%2Fcomments&post=439"}],"version-history":[{"count":2,"href":"https:\/\/www.klubmn.cz\/index.php?rest_route=\/wp\/v2\/posts\/439\/revisions"}],"predecessor-version":[{"id":442,"href":"https:\/\/www.klubmn.cz\/index.php?rest_route=\/wp\/v2\/posts\/439\/revisions\/442"}],"wp:featuredmedia":[{"embeddable":true,"href":"https:\/\/www.klubmn.cz\/index.php?rest_route=\/wp\/v2\/media\/440"}],"wp:attachment":[{"href":"https:\/\/www.klubmn.cz\/index.php?rest_route=%2Fwp%2Fv2%2Fmedia&parent=439"}],"wp:term":[{"taxonomy":"category","embeddable":true,"href":"https:\/\/www.klubmn.cz\/index.php?rest_route=%2Fwp%2Fv2%2Fcategories&post=439"},{"taxonomy":"post_tag","embeddable":true,"href":"https:\/\/www.klubmn.cz\/index.php?rest_route=%2Fwp%2Fv2%2Ftags&post=439"}],"curies":[{"name":"wp","href":"https:\/\/api.w.org\/{rel}","templated":true}]}}