{"id":60,"date":"2023-11-20T10:22:45","date_gmt":"2023-11-20T10:22:45","guid":{"rendered":"https:\/\/www.klubmn.cz\/?p=60"},"modified":"2023-11-20T10:22:45","modified_gmt":"2023-11-20T10:22:45","slug":"vratislav-kulhanek-slavi-osmdesatiny","status":"publish","type":"post","link":"https:\/\/www.klubmn.cz\/?p=60","title":{"rendered":"Vratislav Kulh\u00e1nek slav\u00ed osmdes\u00e1tiny"},"content":{"rendered":"<p class=\"-wm-MsoNormal\"><strong>Jedna z nejv\u00fdrazn\u011bj\u0161\u00edch postav managementu mladoboleslavsk\u00e9 automobilky \u0160koda, ale i \u010desk\u00e9 automotivn\u00ed sf\u00e9ry, Ing. Vratislav Kulh\u00e1nek dr. h. c. mult., se v pond\u011bl\u00ed 20. listopadu do\u017e\u00edv\u00e1 kulat\u00e9 osmdes\u00e1tky.<\/strong><span id=\"more-377\"><\/span><!--more--><\/p>\n<p class=\"-wm-MsoNormal\">Rod\u00e1k z\u00a0\u010cesk\u00fdch Bud\u011bjovic vystudoval Vysokou \u0161kolu ekonomickou v\u00a0Praze a European Busienss School. Je sou\u010dasn\u011b dr\u017eitelem \u010destn\u00fdch doktor\u00e1t\u016f na n\u011bkolika univerzit\u00e1ch. Od roku 1984 pracoval v\u00a0podniku Motor Jikov \u010cesk\u00e9 Bud\u011bjovice, a kdy\u017e jej p\u0159evzala spole\u010dnost Robert Bosch, se stal v\u00a0letech 1992 a\u017e 1997 v\u00fdkonn\u00fdm \u0159editelem tohoto z\u00e1vodu.<\/p>\n<p class=\"-wm-MsoNormal\">V roce 1997 byl po tragick\u00e9 nehod\u011b Ludv\u00edka Kalmy vybr\u00e1n na post p\u0159edsedy p\u0159edstavenstva a n\u00e1sledn\u011b p\u0159edsedy dozor\u010d\u00ed rady automobilky \u0160koda Auto, ve kter\u00e9 p\u016fsobil do roku 2007. Za deset let veden\u00ed jedn\u00e9 z na\u0161ich nejv\u011bt\u0161\u00edch a nej\u00fasp\u011b\u0161n\u011bj\u0161\u00edch spole\u010dnost\u00ed se v\u00fdznamn\u011b zapsal do modern\u00ed \u0161kodov\u00e1ck\u00e9 historie. Byl tak\u00e9 posledn\u00edm \u010desk\u00fdm \u0161\u00e9fem automobilky \u0160koda, kdy\u017e po n\u011bm tuto funkci zast\u00e1vali ji\u017e jen n\u011bme\u010dt\u00ed mana\u017ee\u0159i. Ve stejn\u00e9m obdob\u00ed byl tak\u00e9 prezidentem Sdru\u017een\u00ed automobilov\u00e9ho pr\u016fmyslu.<\/p>\n<p class=\"-wm-MsoNormal\">Jeho pracovn\u00ed z\u00e1b\u011br byl a\u017e neskute\u010dn\u00fd, mezi roky 2004 a\u017e 2008 st\u00e1l tak\u00e9 v \u010dele \u010cesk\u00e9ho svazu ledn\u00edho hokeje, p\u016fsobil rovn\u011b\u017e ve\u00a0v\u00fdkonn\u00e9m v\u00fdboru\u00a0<a title=\"\u010cesk\u00fd olympijsk\u00fd v\u00fdbor\" href=\"https:\/\/cs.wikipedia.org\/wiki\/%C4%8Cesk%C3%BD_olympijsk%C3%BD_v%C3%BDbor\" target=\"_blank\" rel=\"noopener\">\u010cesk\u00e9ho olympijsk\u00e9ho v\u00fdboru<\/a>, Spr\u00e1vn\u00ed rad\u011b Karlovy univerzity, V\u011bdeck\u00e9 rad\u011b Vysok\u00e9 \u0161koly ekonomick\u00e9 a v \u0159ad\u011b dal\u0161\u00edch instituc\u00ed.<\/p>\n<p class=\"-wm-MsoNormal\">Po skon\u010den\u00ed anga\u017em\u00e1 ve \u0160kod\u011b Auto, p\u016fsobil jako p\u0159edseda spr\u00e1vn\u00ed rady spole\u010dnosti AAA\u00a0 Auto, byl prezidentem\u00a0\u00a0<a title=\"Czech Institute of Directors (str\u00e1nka neexistuje)\" href=\"https:\/\/cs.wikipedia.org\/w\/index.php?title=Czech_Institute_of_Directors&amp;action=edit&amp;redlink=1\" target=\"_blank\" rel=\"noopener\">Czech Institute of Directors<\/a>, \u010dlenem v\u00fdboru\u00a0<a title=\"Asociace export\u00e9r\u016f (str\u00e1nka neexistuje)\" href=\"https:\/\/cs.wikipedia.org\/w\/index.php?title=Asociace_export%C3%A9r%C5%AF&amp;action=edit&amp;redlink=1\" target=\"_blank\" rel=\"noopener\">Asociace export\u00e9r\u016f<\/a>,\u00a0dozor\u010d\u00ed rady Poji\u0161\u0165ovny Kooperativa nebo jako poradce v\u00a0Tatra Trucks.<\/p>\n<p class=\"-wm-MsoNormal\">V\u00a0\u010dervnu 2017 se uch\u00e1zel jako kandid\u00e1t za stranu ODA o zvolen\u00ed prezidentem \u010cesk\u00e9 republiky a ve volb\u00e1ch obsadil 9. m\u00edsto.<\/p>\n<p class=\"-wm-MsoNormal\">I na prahu sv\u00e9 osmdes\u00e1tky je st\u00e1le velmi aktivn\u00ed, v\u011bnuje se nad\u00e1le poradensk\u00e9 \u010dinnosti, \u010dile sportuje a p\u0159ekypuje \u017eivotn\u00ed vitalitou. Jm\u00e9nem redakce Automakers p\u0159ejeme dne\u0161n\u00edmu oslavenci, hlavn\u011b hodn\u011b zdrav\u00ed, a aby mu vydr\u017eel jeho el\u00e1n co nejd\u00e9le a mohl si u\u017e\u00edvat \u010dinorod\u00e9 pr\u00e1ce, \u00fasp\u011bch\u016f, radost\u00ed i sv\u00fdch osobn\u00edch z\u00e1lib.<\/p>\n<p><strong>Zdroj: Karel Ber\u00e1nek<\/strong><\/p>\n","protected":false},"excerpt":{"rendered":"<p>Jedna z nejv\u00fdrazn\u011bj\u0161\u00edch postav managementu mladoboleslavsk\u00e9 automobilky \u0160koda, ale i \u010desk\u00e9 automotivn\u00ed sf\u00e9ry, Ing. Vratislav&#8230;<\/p>\n","protected":false},"author":1,"featured_media":61,"comment_status":"open","ping_status":"open","sticky":false,"template":"","format":"standard","meta":{"footnotes":""},"categories":[11],"tags":[],"class_list":["post-60","post","type-post","status-publish","format-standard","has-post-thumbnail","hentry","category-personalie"],"_links":{"self":[{"href":"https:\/\/www.klubmn.cz\/index.php?rest_route=\/wp\/v2\/posts\/60","targetHints":{"allow":["GET"]}}],"collection":[{"href":"https:\/\/www.klubmn.cz\/index.php?rest_route=\/wp\/v2\/posts"}],"about":[{"href":"https:\/\/www.klubmn.cz\/index.php?rest_route=\/wp\/v2\/types\/post"}],"author":[{"embeddable":true,"href":"https:\/\/www.klubmn.cz\/index.php?rest_route=\/wp\/v2\/users\/1"}],"replies":[{"embeddable":true,"href":"https:\/\/www.klubmn.cz\/index.php?rest_route=%2Fwp%2Fv2%2Fcomments&post=60"}],"version-history":[{"count":1,"href":"https:\/\/www.klubmn.cz\/index.php?rest_route=\/wp\/v2\/posts\/60\/revisions"}],"predecessor-version":[{"id":62,"href":"https:\/\/www.klubmn.cz\/index.php?rest_route=\/wp\/v2\/posts\/60\/revisions\/62"}],"wp:featuredmedia":[{"embeddable":true,"href":"https:\/\/www.klubmn.cz\/index.php?rest_route=\/wp\/v2\/media\/61"}],"wp:attachment":[{"href":"https:\/\/www.klubmn.cz\/index.php?rest_route=%2Fwp%2Fv2%2Fmedia&parent=60"}],"wp:term":[{"taxonomy":"category","embeddable":true,"href":"https:\/\/www.klubmn.cz\/index.php?rest_route=%2Fwp%2Fv2%2Fcategories&post=60"},{"taxonomy":"post_tag","embeddable":true,"href":"https:\/\/www.klubmn.cz\/index.php?rest_route=%2Fwp%2Fv2%2Ftags&post=60"}],"curies":[{"name":"wp","href":"https:\/\/api.w.org\/{rel}","templated":true}]}}