{"id":626,"date":"2024-11-08T10:11:47","date_gmt":"2024-11-08T10:11:47","guid":{"rendered":"https:\/\/www.klubmn.cz\/?p=626"},"modified":"2024-11-08T10:18:36","modified_gmt":"2024-11-08T10:18:36","slug":"renault-cr-mel-na-e-salonu-4-premiery","status":"publish","type":"post","link":"https:\/\/www.klubmn.cz\/?p=626","title":{"rendered":"Renault \u010cR m\u011bl na e-Salonu 4 premi\u00e9ry"},"content":{"rendered":"<p><strong>Renault \u010cR m\u011bl na na 6. ro\u010dn\u00edku Veletrhu \u010dist\u00e9 mobility, technologi\u00ed a \u0159e\u0161en\u00ed pro e-mobilitu e-SALON hned t\u0159i expozice a jeho \u0161\u00e9f Zden\u011bk Grunt p\u0159edstavil novinky p\u0159\u00ed\u0161t\u00edho roku u jednotliv\u00fdch zna\u010dek.<\/strong><span id=\"more-8680\"><\/span><!--more--><\/p>\n<p>N\u00e1v\u0161t\u011bvn\u00edci odborn\u00e9ho dnu mohli vid\u011bt n\u00e1rodn\u00ed premi\u00e9ru modelu Renault 5 E-Tech 100% elektrick\u00e9ho. Premi\u00e9ru si odbyl tak\u00e9 Renault Rafale E-Tech 4\u00d74 300 k.<strong><br \/>\n<\/strong><\/p>\n<p><img loading=\"lazy\" decoding=\"async\" class=\"alignnone size-medium wp-image-8685\" src=\"http:\/\/www.automakers.cz\/wp-content\/uploads\/2024\/11\/Salon-Renault-etech--900x600.jpg\" alt=\"\" width=\"900\" height=\"600\" \/><\/p>\n<p><strong>Mana\u017ee\u0159i importu odhalili tak\u00e9 model Alpine A290.<\/strong><\/p>\n<p><img loading=\"lazy\" decoding=\"async\" class=\"alignnone size-medium wp-image-8686\" src=\"http:\/\/www.automakers.cz\/wp-content\/uploads\/2024\/11\/Salon-Alpina-podium-900x600.jpg\" alt=\"\" width=\"900\" height=\"600\" \/><\/p>\n<p><strong>V expozici zna\u010dky Dacia se odehr\u00e1la n\u00e1rodn\u00ed premi\u00e9ra modelu Dacia Bigster.<\/strong><\/p>\n<p><img loading=\"lazy\" decoding=\"async\" class=\"alignnone size-medium wp-image-8684\" src=\"http:\/\/www.automakers.cz\/wp-content\/uploads\/2024\/11\/Salon-Dacia-Bigster-vyska-600x900.jpg\" alt=\"\" width=\"600\" height=\"900\" \/><\/p>\n<p><strong>Zdroj: e-Salon<\/strong><\/p>\n","protected":false},"excerpt":{"rendered":"<p>Renault \u010cR m\u011bl na na 6. ro\u010dn\u00edku Veletrhu \u010dist\u00e9 mobility, technologi\u00ed a \u0159e\u0161en\u00ed pro e-mobilitu&#8230;<\/p>\n","protected":false},"author":1,"featured_media":627,"comment_status":"open","ping_status":"open","sticky":false,"template":"","format":"standard","meta":{"footnotes":""},"categories":[29,6],"tags":[],"class_list":["post-626","post","type-post","status-publish","format-standard","has-post-thumbnail","hentry","category-premiery","category-vystavy"],"_links":{"self":[{"href":"https:\/\/www.klubmn.cz\/index.php?rest_route=\/wp\/v2\/posts\/626","targetHints":{"allow":["GET"]}}],"collection":[{"href":"https:\/\/www.klubmn.cz\/index.php?rest_route=\/wp\/v2\/posts"}],"about":[{"href":"https:\/\/www.klubmn.cz\/index.php?rest_route=\/wp\/v2\/types\/post"}],"author":[{"embeddable":true,"href":"https:\/\/www.klubmn.cz\/index.php?rest_route=\/wp\/v2\/users\/1"}],"replies":[{"embeddable":true,"href":"https:\/\/www.klubmn.cz\/index.php?rest_route=%2Fwp%2Fv2%2Fcomments&post=626"}],"version-history":[{"count":3,"href":"https:\/\/www.klubmn.cz\/index.php?rest_route=\/wp\/v2\/posts\/626\/revisions"}],"predecessor-version":[{"id":630,"href":"https:\/\/www.klubmn.cz\/index.php?rest_route=\/wp\/v2\/posts\/626\/revisions\/630"}],"wp:featuredmedia":[{"embeddable":true,"href":"https:\/\/www.klubmn.cz\/index.php?rest_route=\/wp\/v2\/media\/627"}],"wp:attachment":[{"href":"https:\/\/www.klubmn.cz\/index.php?rest_route=%2Fwp%2Fv2%2Fmedia&parent=626"}],"wp:term":[{"taxonomy":"category","embeddable":true,"href":"https:\/\/www.klubmn.cz\/index.php?rest_route=%2Fwp%2Fv2%2Fcategories&post=626"},{"taxonomy":"post_tag","embeddable":true,"href":"https:\/\/www.klubmn.cz\/index.php?rest_route=%2Fwp%2Fv2%2Ftags&post=626"}],"curies":[{"name":"wp","href":"https:\/\/api.w.org\/{rel}","templated":true}]}}