{"id":638,"date":"2024-11-10T18:46:32","date_gmt":"2024-11-10T18:46:32","guid":{"rendered":"https:\/\/www.klubmn.cz\/?p=638"},"modified":"2024-11-10T18:46:32","modified_gmt":"2024-11-10T18:46:32","slug":"veletrh-e-salon-zacal-medialnim-dnem","status":"publish","type":"post","link":"https:\/\/www.klubmn.cz\/?p=638","title":{"rendered":"Veletrh e-SALON za\u010dal medi\u00e1ln\u00edm dnem"},"content":{"rendered":"<p><strong><b>\u0160est\u00fd ro\u010dn\u00edk veletrhu \u010dist\u00e9 mobility e-SALON za\u010dal odborn\u00fdm dnem. U\u017e ve st\u0159edu ve\u010der p\u0159edvedlo Porsche \u010cR novin\u00e1\u0159\u016fm svoje expozice, na \u010dtvrte\u010dn\u00edm programu pak bylo krom\u011b zah\u00e1jen\u00ed v\u00fdstavy v\u00edce ne\u017e deset tiskov\u00fdch konferenc\u00ed r\u016fzn\u00fdch zna\u010dek. Na place jsme potkali \u0159adu import\u00e9r\u016f!<br \/>\n<\/b><\/strong><span id=\"more-8157\"><\/span><span id=\"more-8653\"><\/span><!--more--><\/p>\n<p>Prvn\u00ed den 7. listopadu byl tradi\u010dn\u011b ur\u010den pouze odborn\u00e9 ve\u0159ejnosti, od osmi hodin r\u00e1no byl k vid\u011bn\u00ed prezentace \u0159ady zna\u010dek.<\/p>\n<p><strong>St\u0159eda 18:00<\/strong> \u2013 Porsche \u010cR e-SALON Night, mana\u017ee\u0159i importu p\u0159edvedli elektromobily zna\u010dek VW, Audi, SEAT a CUPRA, pokra\u010dovalo se na ve\u010d\u00edrek do karl\u00ednsk\u00e9ho Liquid Office.<\/p>\n<p><img loading=\"lazy\" decoding=\"async\" class=\"alignnone size-medium wp-image-8658\" src=\"http:\/\/www.automakers.cz\/wp-content\/uploads\/2024\/11\/Salon-Porsche-Hurt-900x675.jpg\" sizes=\"auto, (max-width: 900px) 100vw, 900px\" srcset=\"https:\/\/www.automakers.cz\/wp-content\/uploads\/2024\/11\/Salon-Porsche-Hurt-900x675.jpg 900w, https:\/\/www.automakers.cz\/wp-content\/uploads\/2024\/11\/Salon-Porsche-Hurt-1024x768.jpg 1024w, https:\/\/www.automakers.cz\/wp-content\/uploads\/2024\/11\/Salon-Porsche-Hurt-768x576.jpg 768w, https:\/\/www.automakers.cz\/wp-content\/uploads\/2024\/11\/Salon-Porsche-Hurt-1536x1152.jpg 1536w, https:\/\/www.automakers.cz\/wp-content\/uploads\/2024\/11\/Salon-Porsche-Hurt.jpg 1600w\" alt=\"\" width=\"900\" height=\"675\" \/><\/p>\n<p><strong>\u010ctvrtek 8:00<\/strong> \u2013 N\u00e1rodn\u00ed premi\u00e9ra Fordu Capri. Novin\u00e1\u0159e uv\u00edtal mana\u017eer importu Libor Bene\u0161.<\/p>\n<p><img loading=\"lazy\" decoding=\"async\" class=\"alignnone size-medium wp-image-8659\" src=\"http:\/\/www.automakers.cz\/wp-content\/uploads\/2024\/11\/Salon-Ford-Benes-900x506.jpg\" sizes=\"auto, (max-width: 900px) 100vw, 900px\" srcset=\"https:\/\/www.automakers.cz\/wp-content\/uploads\/2024\/11\/Salon-Ford-Benes-900x506.jpg 900w, https:\/\/www.automakers.cz\/wp-content\/uploads\/2024\/11\/Salon-Ford-Benes-1024x576.jpg 1024w, https:\/\/www.automakers.cz\/wp-content\/uploads\/2024\/11\/Salon-Ford-Benes-768x432.jpg 768w, https:\/\/www.automakers.cz\/wp-content\/uploads\/2024\/11\/Salon-Ford-Benes-1536x864.jpg 1536w, https:\/\/www.automakers.cz\/wp-content\/uploads\/2024\/11\/Salon-Ford-Benes-1280x720.jpg 1280w, https:\/\/www.automakers.cz\/wp-content\/uploads\/2024\/11\/Salon-Ford-Benes.jpg 2040w\" alt=\"\" width=\"900\" height=\"506\" \/><\/p>\n<p><strong>9:00<\/strong> \u2013 Obchodn\u00ed \u0159editel Hyundai Motor Czech Marek Tre\u0161l p\u0159edstavil nov\u00fd Inster.<\/p>\n<p><img loading=\"lazy\" decoding=\"async\" class=\"alignnone size-medium wp-image-8661\" src=\"http:\/\/www.automakers.cz\/wp-content\/uploads\/2024\/11\/Salon-Hyundai-Tresl-900x506.jpg\" sizes=\"auto, (max-width: 900px) 100vw, 900px\" srcset=\"https:\/\/www.automakers.cz\/wp-content\/uploads\/2024\/11\/Salon-Hyundai-Tresl-900x506.jpg 900w, https:\/\/www.automakers.cz\/wp-content\/uploads\/2024\/11\/Salon-Hyundai-Tresl-1024x576.jpg 1024w, https:\/\/www.automakers.cz\/wp-content\/uploads\/2024\/11\/Salon-Hyundai-Tresl-768x432.jpg 768w, https:\/\/www.automakers.cz\/wp-content\/uploads\/2024\/11\/Salon-Hyundai-Tresl-1536x864.jpg 1536w, https:\/\/www.automakers.cz\/wp-content\/uploads\/2024\/11\/Salon-Hyundai-Tresl-1280x720.jpg 1280w, https:\/\/www.automakers.cz\/wp-content\/uploads\/2024\/11\/Salon-Hyundai-Tresl.jpg 2040w\" alt=\"\" width=\"900\" height=\"506\" \/><\/p>\n<p><strong>10:00<\/strong> \u2013 Vedouc\u00ed importu \u0160kody Ji\u0159\u00ed Mal\u00e1\u010dek p\u0159ibl\u00ed\u017eil kvality nov\u00e9ho Elroqu, ze stovek kus\u016f chce vy\u0161ponovat prodeje elektromobil\u016f do vy\u0161\u0161\u00edch \u010d\u00edsel.<\/p>\n<p><img loading=\"lazy\" decoding=\"async\" class=\"alignnone size-medium wp-image-8662\" src=\"http:\/\/www.automakers.cz\/wp-content\/uploads\/2024\/11\/Salon-Skoda-Malacek-900x506.jpg\" sizes=\"auto, (max-width: 900px) 100vw, 900px\" srcset=\"https:\/\/www.automakers.cz\/wp-content\/uploads\/2024\/11\/Salon-Skoda-Malacek-900x506.jpg 900w, https:\/\/www.automakers.cz\/wp-content\/uploads\/2024\/11\/Salon-Skoda-Malacek-1024x576.jpg 1024w, https:\/\/www.automakers.cz\/wp-content\/uploads\/2024\/11\/Salon-Skoda-Malacek-768x432.jpg 768w, https:\/\/www.automakers.cz\/wp-content\/uploads\/2024\/11\/Salon-Skoda-Malacek-1536x864.jpg 1536w, https:\/\/www.automakers.cz\/wp-content\/uploads\/2024\/11\/Salon-Skoda-Malacek-1280x720.jpg 1280w, https:\/\/www.automakers.cz\/wp-content\/uploads\/2024\/11\/Salon-Skoda-Malacek.jpg 2040w\" alt=\"\" width=\"900\" height=\"506\" \/><strong>10:30<\/strong> \u2013 PR mana\u017eer Mitsubishi Adam Pr\u016f\u0161a svolal novin\u00e1\u0159e k nov\u00e9mu Outlanderu.<\/p>\n<p><img loading=\"lazy\" decoding=\"async\" class=\"alignnone size-medium wp-image-8663\" src=\"http:\/\/www.automakers.cz\/wp-content\/uploads\/2024\/11\/Salon-Mitsubishi-Prusa-900x506.jpg\" sizes=\"auto, (max-width: 900px) 100vw, 900px\" srcset=\"https:\/\/www.automakers.cz\/wp-content\/uploads\/2024\/11\/Salon-Mitsubishi-Prusa-900x506.jpg 900w, https:\/\/www.automakers.cz\/wp-content\/uploads\/2024\/11\/Salon-Mitsubishi-Prusa-1024x576.jpg 1024w, https:\/\/www.automakers.cz\/wp-content\/uploads\/2024\/11\/Salon-Mitsubishi-Prusa-768x432.jpg 768w, https:\/\/www.automakers.cz\/wp-content\/uploads\/2024\/11\/Salon-Mitsubishi-Prusa-1536x864.jpg 1536w, https:\/\/www.automakers.cz\/wp-content\/uploads\/2024\/11\/Salon-Mitsubishi-Prusa-1280x720.jpg 1280w, https:\/\/www.automakers.cz\/wp-content\/uploads\/2024\/11\/Salon-Mitsubishi-Prusa.jpg 2040w\" alt=\"\" width=\"900\" height=\"506\" \/><strong>11:00<\/strong> \u2013 Arno\u0161t Barna, \u0161\u00e9f Kia Czech, ve\u0159ejn\u011b pochv\u00e1lil elektromobil EV3.<\/p>\n<p><img loading=\"lazy\" decoding=\"async\" class=\"alignnone size-medium wp-image-8664\" src=\"http:\/\/www.automakers.cz\/wp-content\/uploads\/2024\/11\/Salon-Kia-Barna-900x506.jpg\" sizes=\"auto, (max-width: 900px) 100vw, 900px\" srcset=\"https:\/\/www.automakers.cz\/wp-content\/uploads\/2024\/11\/Salon-Kia-Barna-900x506.jpg 900w, https:\/\/www.automakers.cz\/wp-content\/uploads\/2024\/11\/Salon-Kia-Barna-1024x576.jpg 1024w, https:\/\/www.automakers.cz\/wp-content\/uploads\/2024\/11\/Salon-Kia-Barna-768x432.jpg 768w, https:\/\/www.automakers.cz\/wp-content\/uploads\/2024\/11\/Salon-Kia-Barna-1536x864.jpg 1536w, https:\/\/www.automakers.cz\/wp-content\/uploads\/2024\/11\/Salon-Kia-Barna-1280x720.jpg 1280w, https:\/\/www.automakers.cz\/wp-content\/uploads\/2024\/11\/Salon-Kia-Barna.jpg 2040w\" alt=\"\" width=\"900\" height=\"506\" \/><strong>11:30<\/strong> \u2013 Country Director Opelu Josef\u00a0 \u0160op\u00edk p\u0159edvedl show s nov\u00fdm Grandlandem.<\/p>\n<p><img loading=\"lazy\" decoding=\"async\" class=\"alignnone size-medium wp-image-8665\" src=\"http:\/\/www.automakers.cz\/wp-content\/uploads\/2024\/11\/Salon-Opel-Sopik-Hejral-900x506.jpg\" sizes=\"auto, (max-width: 900px) 100vw, 900px\" srcset=\"https:\/\/www.automakers.cz\/wp-content\/uploads\/2024\/11\/Salon-Opel-Sopik-Hejral-900x506.jpg 900w, https:\/\/www.automakers.cz\/wp-content\/uploads\/2024\/11\/Salon-Opel-Sopik-Hejral-1024x576.jpg 1024w, https:\/\/www.automakers.cz\/wp-content\/uploads\/2024\/11\/Salon-Opel-Sopik-Hejral-768x432.jpg 768w, https:\/\/www.automakers.cz\/wp-content\/uploads\/2024\/11\/Salon-Opel-Sopik-Hejral-1536x864.jpg 1536w, https:\/\/www.automakers.cz\/wp-content\/uploads\/2024\/11\/Salon-Opel-Sopik-Hejral-1280x720.jpg 1280w, https:\/\/www.automakers.cz\/wp-content\/uploads\/2024\/11\/Salon-Opel-Sopik-Hejral.jpg 2040w\" alt=\"\" width=\"900\" height=\"506\" \/><strong>12:00<\/strong> \u2013 \u0158editel MG Motor Martin Kr\u00e1l\u00ed\u010dek pohovo\u0159il o ambic\u00edch \u010d\u00ednsk\u00e9 zna\u010dky na \u010desk\u00e9m trhu.<\/p>\n<p><img loading=\"lazy\" decoding=\"async\" class=\"alignnone size-medium wp-image-8666\" src=\"http:\/\/www.automakers.cz\/wp-content\/uploads\/2024\/11\/Salon-Kia-Kralicek-900x506.jpg\" sizes=\"auto, (max-width: 900px) 100vw, 900px\" srcset=\"https:\/\/www.automakers.cz\/wp-content\/uploads\/2024\/11\/Salon-Kia-Kralicek-900x506.jpg 900w, https:\/\/www.automakers.cz\/wp-content\/uploads\/2024\/11\/Salon-Kia-Kralicek-1024x576.jpg 1024w, https:\/\/www.automakers.cz\/wp-content\/uploads\/2024\/11\/Salon-Kia-Kralicek-768x432.jpg 768w, https:\/\/www.automakers.cz\/wp-content\/uploads\/2024\/11\/Salon-Kia-Kralicek-1536x864.jpg 1536w, https:\/\/www.automakers.cz\/wp-content\/uploads\/2024\/11\/Salon-Kia-Kralicek-1280x720.jpg 1280w, https:\/\/www.automakers.cz\/wp-content\/uploads\/2024\/11\/Salon-Kia-Kralicek.jpg 2040w\" alt=\"\" width=\"900\" height=\"506\" \/><strong>13:00<\/strong> \u2013 Gener\u00e1ln\u00ed \u0159editel Renaultu \u010cR Zden\u011bk Grunt uk\u00e1zal novinky ze st\u00e1je francouzsk\u00e9 zna\u010dky.<\/p>\n<p><img loading=\"lazy\" decoding=\"async\" class=\"alignnone size-medium wp-image-8668\" src=\"http:\/\/www.automakers.cz\/wp-content\/uploads\/2024\/11\/Salon-Renault-Grunt-900x506.jpg\" sizes=\"auto, (max-width: 900px) 100vw, 900px\" srcset=\"https:\/\/www.automakers.cz\/wp-content\/uploads\/2024\/11\/Salon-Renault-Grunt-900x506.jpg 900w, https:\/\/www.automakers.cz\/wp-content\/uploads\/2024\/11\/Salon-Renault-Grunt-1024x576.jpg 1024w, https:\/\/www.automakers.cz\/wp-content\/uploads\/2024\/11\/Salon-Renault-Grunt-768x432.jpg 768w, https:\/\/www.automakers.cz\/wp-content\/uploads\/2024\/11\/Salon-Renault-Grunt-1536x864.jpg 1536w, https:\/\/www.automakers.cz\/wp-content\/uploads\/2024\/11\/Salon-Renault-Grunt-1280x720.jpg 1280w, https:\/\/www.automakers.cz\/wp-content\/uploads\/2024\/11\/Salon-Renault-Grunt.jpg 2040w\" alt=\"\" width=\"900\" height=\"506\" \/><strong>13.30<\/strong> \u2013 Grunt se p\u0159esunul na st\u00e1nek Dacie, aby spolu s televizn\u00edmi \u0161t\u00e1by sledoval odhalen\u00ed nov\u00e9ho Bigsteru.<\/p>\n<p><img loading=\"lazy\" decoding=\"async\" class=\"alignnone size-medium wp-image-8669\" src=\"http:\/\/www.automakers.cz\/wp-content\/uploads\/2024\/11\/Salon-Dacia-Bigster-900x506.jpg\" sizes=\"auto, (max-width: 900px) 100vw, 900px\" srcset=\"https:\/\/www.automakers.cz\/wp-content\/uploads\/2024\/11\/Salon-Dacia-Bigster-900x506.jpg 900w, https:\/\/www.automakers.cz\/wp-content\/uploads\/2024\/11\/Salon-Dacia-Bigster-1024x576.jpg 1024w, https:\/\/www.automakers.cz\/wp-content\/uploads\/2024\/11\/Salon-Dacia-Bigster-768x432.jpg 768w, https:\/\/www.automakers.cz\/wp-content\/uploads\/2024\/11\/Salon-Dacia-Bigster-1536x864.jpg 1536w, https:\/\/www.automakers.cz\/wp-content\/uploads\/2024\/11\/Salon-Dacia-Bigster-1280x720.jpg 1280w, https:\/\/www.automakers.cz\/wp-content\/uploads\/2024\/11\/Salon-Dacia-Bigster.jpg 2040w\" alt=\"\" width=\"900\" height=\"506\" \/><\/p>\n<p><strong>14:00<\/strong> \u2013 Zden\u011bk Grunt op\u011bt na sc\u00e9n\u011b, p\u0159ibl\u00ed\u017eil novinky zna\u010dky Alpina.<\/p>\n<p><img loading=\"lazy\" decoding=\"async\" class=\"alignnone size-medium wp-image-8670\" src=\"http:\/\/www.automakers.cz\/wp-content\/uploads\/2024\/11\/Salon-Alpina-Grunt-900x506.jpg\" sizes=\"auto, (max-width: 900px) 100vw, 900px\" srcset=\"https:\/\/www.automakers.cz\/wp-content\/uploads\/2024\/11\/Salon-Alpina-Grunt-900x506.jpg 900w, https:\/\/www.automakers.cz\/wp-content\/uploads\/2024\/11\/Salon-Alpina-Grunt-1024x576.jpg 1024w, https:\/\/www.automakers.cz\/wp-content\/uploads\/2024\/11\/Salon-Alpina-Grunt-768x432.jpg 768w, https:\/\/www.automakers.cz\/wp-content\/uploads\/2024\/11\/Salon-Alpina-Grunt-1536x864.jpg 1536w, https:\/\/www.automakers.cz\/wp-content\/uploads\/2024\/11\/Salon-Alpina-Grunt-1280x720.jpg 1280w, https:\/\/www.automakers.cz\/wp-content\/uploads\/2024\/11\/Salon-Alpina-Grunt.jpg 2040w\" alt=\"\" width=\"900\" height=\"506\" \/><strong>14:30<\/strong> \u2013 V sekci u\u017eitkov\u00fdch voz\u016f se uk\u00e1zala vod\u00edkov\u00e1 Tatra.<\/p>\n<p><img loading=\"lazy\" decoding=\"async\" class=\"alignnone size-medium wp-image-8671\" src=\"http:\/\/www.automakers.cz\/wp-content\/uploads\/2024\/11\/Salon-Tatra-900x506.jpg\" sizes=\"auto, (max-width: 900px) 100vw, 900px\" srcset=\"https:\/\/www.automakers.cz\/wp-content\/uploads\/2024\/11\/Salon-Tatra-900x506.jpg 900w, https:\/\/www.automakers.cz\/wp-content\/uploads\/2024\/11\/Salon-Tatra-1024x576.jpg 1024w, https:\/\/www.automakers.cz\/wp-content\/uploads\/2024\/11\/Salon-Tatra-768x432.jpg 768w, https:\/\/www.automakers.cz\/wp-content\/uploads\/2024\/11\/Salon-Tatra-1536x864.jpg 1536w, https:\/\/www.automakers.cz\/wp-content\/uploads\/2024\/11\/Salon-Tatra-1280x720.jpg 1280w, https:\/\/www.automakers.cz\/wp-content\/uploads\/2024\/11\/Salon-Tatra.jpg 2040w\" alt=\"\" width=\"900\" height=\"506\" \/><strong>15:00<\/strong> \u2013 Novin\u00e1\u0159i zjistili, \u017ee \u010d\u00ednsk\u00e1 zna\u010dka Dongfeng m\u00e1 \u010desk\u00e9ho import\u00e9ra a mohli se kochat limuz\u00ednami z \u0158\u00ed\u0161e st\u0159edu.<\/p>\n<p><img loading=\"lazy\" decoding=\"async\" class=\"alignnone size-medium wp-image-8672\" src=\"http:\/\/www.automakers.cz\/wp-content\/uploads\/2024\/11\/Salon-Dongfeng-900x506.jpg\" sizes=\"auto, (max-width: 900px) 100vw, 900px\" srcset=\"https:\/\/www.automakers.cz\/wp-content\/uploads\/2024\/11\/Salon-Dongfeng-900x506.jpg 900w, https:\/\/www.automakers.cz\/wp-content\/uploads\/2024\/11\/Salon-Dongfeng-1024x576.jpg 1024w, https:\/\/www.automakers.cz\/wp-content\/uploads\/2024\/11\/Salon-Dongfeng-768x432.jpg 768w, https:\/\/www.automakers.cz\/wp-content\/uploads\/2024\/11\/Salon-Dongfeng-1536x864.jpg 1536w, https:\/\/www.automakers.cz\/wp-content\/uploads\/2024\/11\/Salon-Dongfeng-1280x720.jpg 1280w, https:\/\/www.automakers.cz\/wp-content\/uploads\/2024\/11\/Salon-Dongfeng.jpg 2040w\" alt=\"\" width=\"900\" height=\"506\" \/><\/p>\n<p><strong>17:00<\/strong> \u2013 Uzav\u0159en\u00ed hal, n\u00e1v\u0161t\u011bvn\u00edci veletrhu \u010dist\u00e9 mobility si hromadn\u011b berou v\u00fdtisky \u010dasopisu AUTOmakers a odj\u00ed\u017ed\u011bj\u00ed naftov\u00fdmi vozy do sv\u00fdch domov\u016f.<\/p>\n<p><img loading=\"lazy\" decoding=\"async\" class=\"alignnone size-medium wp-image-8673\" src=\"http:\/\/www.automakers.cz\/wp-content\/uploads\/2024\/11\/Salon-Automakers-hosteska-900x506.jpg\" sizes=\"auto, (max-width: 900px) 100vw, 900px\" srcset=\"https:\/\/www.automakers.cz\/wp-content\/uploads\/2024\/11\/Salon-Automakers-hosteska-900x506.jpg 900w, https:\/\/www.automakers.cz\/wp-content\/uploads\/2024\/11\/Salon-Automakers-hosteska-1024x576.jpg 1024w, https:\/\/www.automakers.cz\/wp-content\/uploads\/2024\/11\/Salon-Automakers-hosteska-768x432.jpg 768w, https:\/\/www.automakers.cz\/wp-content\/uploads\/2024\/11\/Salon-Automakers-hosteska-1536x864.jpg 1536w, https:\/\/www.automakers.cz\/wp-content\/uploads\/2024\/11\/Salon-Automakers-hosteska-1280x720.jpg 1280w, https:\/\/www.automakers.cz\/wp-content\/uploads\/2024\/11\/Salon-Automakers-hosteska.jpg 2040w\" alt=\"\" width=\"900\" height=\"506\" \/><strong>Karel Ber\u00e1nek a Erich Handl, Let\u0148any<\/strong><\/p>\n","protected":false},"excerpt":{"rendered":"<p>\u0160est\u00fd ro\u010dn\u00edk veletrhu \u010dist\u00e9 mobility e-SALON za\u010dal odborn\u00fdm dnem. U\u017e ve st\u0159edu ve\u010der p\u0159edvedlo Porsche&#8230;<\/p>\n","protected":false},"author":1,"featured_media":609,"comment_status":"open","ping_status":"open","sticky":false,"template":"","format":"standard","meta":{"footnotes":""},"categories":[17,13,6],"tags":[],"class_list":["post-638","post","type-post","status-publish","format-standard","has-post-thumbnail","hentry","category-elektromobily","category-novinari","category-vystavy"],"_links":{"self":[{"href":"https:\/\/www.klubmn.cz\/index.php?rest_route=\/wp\/v2\/posts\/638","targetHints":{"allow":["GET"]}}],"collection":[{"href":"https:\/\/www.klubmn.cz\/index.php?rest_route=\/wp\/v2\/posts"}],"about":[{"href":"https:\/\/www.klubmn.cz\/index.php?rest_route=\/wp\/v2\/types\/post"}],"author":[{"embeddable":true,"href":"https:\/\/www.klubmn.cz\/index.php?rest_route=\/wp\/v2\/users\/1"}],"replies":[{"embeddable":true,"href":"https:\/\/www.klubmn.cz\/index.php?rest_route=%2Fwp%2Fv2%2Fcomments&post=638"}],"version-history":[{"count":2,"href":"https:\/\/www.klubmn.cz\/index.php?rest_route=\/wp\/v2\/posts\/638\/revisions"}],"predecessor-version":[{"id":640,"href":"https:\/\/www.klubmn.cz\/index.php?rest_route=\/wp\/v2\/posts\/638\/revisions\/640"}],"wp:featuredmedia":[{"embeddable":true,"href":"https:\/\/www.klubmn.cz\/index.php?rest_route=\/wp\/v2\/media\/609"}],"wp:attachment":[{"href":"https:\/\/www.klubmn.cz\/index.php?rest_route=%2Fwp%2Fv2%2Fmedia&parent=638"}],"wp:term":[{"taxonomy":"category","embeddable":true,"href":"https:\/\/www.klubmn.cz\/index.php?rest_route=%2Fwp%2Fv2%2Fcategories&post=638"},{"taxonomy":"post_tag","embeddable":true,"href":"https:\/\/www.klubmn.cz\/index.php?rest_route=%2Fwp%2Fv2%2Ftags&post=638"}],"curies":[{"name":"wp","href":"https:\/\/api.w.org\/{rel}","templated":true}]}}