{"id":650,"date":"2024-11-28T08:17:23","date_gmt":"2024-11-28T08:17:23","guid":{"rendered":"https:\/\/www.klubmn.cz\/?p=650"},"modified":"2024-11-28T08:17:23","modified_gmt":"2024-11-28T08:17:23","slug":"kmn-zve-novinare-na-valnou-hromadu","status":"publish","type":"post","link":"https:\/\/www.klubmn.cz\/?p=650","title":{"rendered":"KMN zve novin\u00e1\u0159e na valnou hromadu"},"content":{"rendered":"<p><strong>Druh\u00fd den testovac\u00edch j\u00edzd kandid\u00e1t\u016f ankety Auta roku 2025 prob\u00edh\u00e1 ve \u010dtvrtek 28. listopadu 2024 v hotelu \u010certousy od 9:30 hodin. Valn\u00e1 hromada KMN za\u010dne v 16:30 h.<\/strong><span id=\"more-9205\"><\/span><!--more--><\/p>\n<p>\u201e\u00da\u010dast \u010dlen\u016f je d\u016fle\u017eit\u00e1, proto\u017ee se jedn\u00e1 o volebn\u00ed valnou hromadu. A d\u00e1le p\u0159ipom\u00edn\u00e1m, \u017ee<b>\u00a0podle platn\u00fdch stanov\u00a0<\/b>nen\u00ed mo\u017en\u00e9 vys\u00edlat z\u00e1stupce redakc\u00ed a<b> \u010dlensk\u00e1 \u00fa\u010dast je minim\u00e1ln\u011b na ka\u017ed\u00e9 druh\u00e9 VH povinn\u00e1,\u201c p\u0159ipomn\u011bl p\u0159edseda klubu Michal Busta.<br \/>\n<\/b><\/p>\n<p>\u010clensk\u00fd p\u0159\u00edsp\u011bvek bude mo\u017en\u00e9 uhradit t\u00e9\u017e v hotovosti po skon\u010den\u00ed valn\u00e9 hromady. \u201eD\u00e1le p\u0159ipom\u00edn\u00e1m, \u017ee st\u00e1le hodn\u011b \u010dlen\u016f nem\u00e1 zaplacen\u00e9 p\u0159\u00edsp\u011bvky za rok 2023. Pokud tak nebude u\u010din\u011bno do konce leto\u0161n\u00edho roku, bude zru\u0161eno jejich \u010dlenstv\u00ed,\u201c pohrozil \u0161\u00e9f \u010desk\u00fdch motonovin\u00e1\u0159\u016f.<i><\/i><\/p>\n<p>\u201eNa valn\u00e9 hromad\u011b bude tak\u00e9 poskytnuta informace o fungov\u00e1n\u00ed klubov\u00e9ho port\u00e1lu, v\u010detn\u011b nutnosti p\u0159evodu p\u016fvodn\u00ed internetov\u00e9 dom\u00e9ny do vlastnictv\u00ed klubu,\u201c doplnil webmaster KMN Erich Handl.<\/p>\n<p><i><strong>Zdroj: Michal Busta, KMN<\/strong><\/i><\/p>\n","protected":false},"excerpt":{"rendered":"<p>Druh\u00fd den testovac\u00edch j\u00edzd kandid\u00e1t\u016f ankety Auta roku 2025 prob\u00edh\u00e1 ve \u010dtvrtek 28. listopadu 2024&#8230;<\/p>\n","protected":false},"author":1,"featured_media":651,"comment_status":"open","ping_status":"open","sticky":false,"template":"","format":"standard","meta":{"footnotes":""},"categories":[13,9],"tags":[],"class_list":["post-650","post","type-post","status-publish","format-standard","has-post-thumbnail","hentry","category-novinari","category-testy"],"_links":{"self":[{"href":"https:\/\/www.klubmn.cz\/index.php?rest_route=\/wp\/v2\/posts\/650","targetHints":{"allow":["GET"]}}],"collection":[{"href":"https:\/\/www.klubmn.cz\/index.php?rest_route=\/wp\/v2\/posts"}],"about":[{"href":"https:\/\/www.klubmn.cz\/index.php?rest_route=\/wp\/v2\/types\/post"}],"author":[{"embeddable":true,"href":"https:\/\/www.klubmn.cz\/index.php?rest_route=\/wp\/v2\/users\/1"}],"replies":[{"embeddable":true,"href":"https:\/\/www.klubmn.cz\/index.php?rest_route=%2Fwp%2Fv2%2Fcomments&post=650"}],"version-history":[{"count":1,"href":"https:\/\/www.klubmn.cz\/index.php?rest_route=\/wp\/v2\/posts\/650\/revisions"}],"predecessor-version":[{"id":652,"href":"https:\/\/www.klubmn.cz\/index.php?rest_route=\/wp\/v2\/posts\/650\/revisions\/652"}],"wp:featuredmedia":[{"embeddable":true,"href":"https:\/\/www.klubmn.cz\/index.php?rest_route=\/wp\/v2\/media\/651"}],"wp:attachment":[{"href":"https:\/\/www.klubmn.cz\/index.php?rest_route=%2Fwp%2Fv2%2Fmedia&parent=650"}],"wp:term":[{"taxonomy":"category","embeddable":true,"href":"https:\/\/www.klubmn.cz\/index.php?rest_route=%2Fwp%2Fv2%2Fcategories&post=650"},{"taxonomy":"post_tag","embeddable":true,"href":"https:\/\/www.klubmn.cz\/index.php?rest_route=%2Fwp%2Fv2%2Ftags&post=650"}],"curies":[{"name":"wp","href":"https:\/\/api.w.org\/{rel}","templated":true}]}}