{"id":653,"date":"2024-11-28T08:20:32","date_gmt":"2024-11-28T08:20:32","guid":{"rendered":"https:\/\/www.klubmn.cz\/?p=653"},"modified":"2024-11-28T08:20:32","modified_gmt":"2024-11-28T08:20:32","slug":"porota-auto-roku-2025-testovala-v-certousech","status":"publish","type":"post","link":"https:\/\/www.klubmn.cz\/?p=653","title":{"rendered":"Porota Auto roku 2025 testovala v \u010certousech"},"content":{"rendered":"<p><strong>Organiz\u00e1to\u0159i ankety Auto roku 2025 v \u010cR odstartovali dvoudenn\u00ed testovac\u00ed j\u00edzdy kandid\u00e1tsk\u00fdch vozidel. Prvn\u00ed den pat\u0159il odborn\u00e9 porot\u011b ankety<\/strong><strong>.<\/strong><span id=\"more-8856\"><\/span><span id=\"more-9195\"><\/span><!--more--><\/p>\n<p>Hned po r\u00e1nu se ve st\u0159edu v \u010certousech objevila flotila kandid\u00e1tsk\u00fdch vozidel, testy pokra\u010dovaly a\u017e do odpoledn\u00edch hodin. Druh\u00fd testovac\u00ed den bude pat\u0159it \u010dlen\u016fm Klubu motoristick\u00fdch novin\u00e1\u0159\u016f.<\/p>\n<p><img loading=\"lazy\" decoding=\"async\" class=\"alignnone size-medium wp-image-9196\" src=\"http:\/\/www.automakers.cz\/wp-content\/uploads\/2024\/11\/Certousy-auta-anketa-900x506.jpg\" sizes=\"auto, (max-width: 900px) 100vw, 900px\" srcset=\"https:\/\/www.automakers.cz\/wp-content\/uploads\/2024\/11\/Certousy-auta-anketa-900x506.jpg 900w, https:\/\/www.automakers.cz\/wp-content\/uploads\/2024\/11\/Certousy-auta-anketa-1024x576.jpg 1024w, https:\/\/www.automakers.cz\/wp-content\/uploads\/2024\/11\/Certousy-auta-anketa-768x432.jpg 768w, https:\/\/www.automakers.cz\/wp-content\/uploads\/2024\/11\/Certousy-auta-anketa-1536x864.jpg 1536w, https:\/\/www.automakers.cz\/wp-content\/uploads\/2024\/11\/Certousy-auta-anketa-1280x720.jpg 1280w, https:\/\/www.automakers.cz\/wp-content\/uploads\/2024\/11\/Certousy-auta-anketa.jpg 2040w\" alt=\"\" width=\"900\" height=\"506\" \/>Tradi\u010dn\u00edch testovac\u00edch j\u00edzd s automobily nominovan\u00fdmi do ankety Auto roku v \u010cR se krom\u011b samotn\u00fdch porotc\u016f z\u00fa\u010dastnili tak\u00e9 PR mana\u017ee\u0159i jednotliv\u00fdch zna\u010dek, nad pr\u016fb\u011bhem dohl\u00ed\u017eel tajemn\u00edk SDA Josef Pokorn\u00fd.<\/p>\n<p><strong>Zdroj: Erich Handl, \u010certousy<br \/>\n<\/strong><\/p>\n<p><img loading=\"lazy\" decoding=\"async\" class=\"alignnone size-medium wp-image-9222\" src=\"http:\/\/www.automakers.cz\/wp-content\/uploads\/2024\/11\/Certousy-kolaz-2024-900x900.jpg\" sizes=\"auto, (max-width: 900px) 100vw, 900px\" srcset=\"https:\/\/www.automakers.cz\/wp-content\/uploads\/2024\/11\/Certousy-kolaz-2024-900x900.jpg 900w, https:\/\/www.automakers.cz\/wp-content\/uploads\/2024\/11\/Certousy-kolaz-2024-1024x1024.jpg 1024w, https:\/\/www.automakers.cz\/wp-content\/uploads\/2024\/11\/Certousy-kolaz-2024-768x768.jpg 768w, https:\/\/www.automakers.cz\/wp-content\/uploads\/2024\/11\/Certousy-kolaz-2024.jpg 1080w\" alt=\"\" width=\"900\" height=\"900\" \/><\/p>\n<p>&nbsp;<\/p>\n","protected":false},"excerpt":{"rendered":"<p>Organiz\u00e1to\u0159i ankety Auto roku 2025 v \u010cR odstartovali dvoudenn\u00ed testovac\u00ed j\u00edzdy kandid\u00e1tsk\u00fdch vozidel. Prvn\u00ed den&#8230;<\/p>\n","protected":false},"author":1,"featured_media":654,"comment_status":"open","ping_status":"open","sticky":false,"template":"","format":"standard","meta":{"footnotes":""},"categories":[13,9],"tags":[],"class_list":["post-653","post","type-post","status-publish","format-standard","has-post-thumbnail","hentry","category-novinari","category-testy"],"_links":{"self":[{"href":"https:\/\/www.klubmn.cz\/index.php?rest_route=\/wp\/v2\/posts\/653","targetHints":{"allow":["GET"]}}],"collection":[{"href":"https:\/\/www.klubmn.cz\/index.php?rest_route=\/wp\/v2\/posts"}],"about":[{"href":"https:\/\/www.klubmn.cz\/index.php?rest_route=\/wp\/v2\/types\/post"}],"author":[{"embeddable":true,"href":"https:\/\/www.klubmn.cz\/index.php?rest_route=\/wp\/v2\/users\/1"}],"replies":[{"embeddable":true,"href":"https:\/\/www.klubmn.cz\/index.php?rest_route=%2Fwp%2Fv2%2Fcomments&post=653"}],"version-history":[{"count":2,"href":"https:\/\/www.klubmn.cz\/index.php?rest_route=\/wp\/v2\/posts\/653\/revisions"}],"predecessor-version":[{"id":656,"href":"https:\/\/www.klubmn.cz\/index.php?rest_route=\/wp\/v2\/posts\/653\/revisions\/656"}],"wp:featuredmedia":[{"embeddable":true,"href":"https:\/\/www.klubmn.cz\/index.php?rest_route=\/wp\/v2\/media\/654"}],"wp:attachment":[{"href":"https:\/\/www.klubmn.cz\/index.php?rest_route=%2Fwp%2Fv2%2Fmedia&parent=653"}],"wp:term":[{"taxonomy":"category","embeddable":true,"href":"https:\/\/www.klubmn.cz\/index.php?rest_route=%2Fwp%2Fv2%2Fcategories&post=653"},{"taxonomy":"post_tag","embeddable":true,"href":"https:\/\/www.klubmn.cz\/index.php?rest_route=%2Fwp%2Fv2%2Ftags&post=653"}],"curies":[{"name":"wp","href":"https:\/\/api.w.org\/{rel}","templated":true}]}}