{"id":72,"date":"2023-11-23T13:10:12","date_gmt":"2023-11-23T13:10:12","guid":{"rendered":"https:\/\/www.klubmn.cz\/?p=72"},"modified":"2023-11-23T13:10:12","modified_gmt":"2023-11-23T13:10:12","slug":"flotilovym-autem-2023-je-peugeot-408","status":"publish","type":"post","link":"https:\/\/www.klubmn.cz\/?p=72","title":{"rendered":"Flotilov\u00fdm autem 2023 je Peugeot 408"},"content":{"rendered":"<div class=\"entry-content\">\n<p><strong>Galerie SmetanaQ hostila fin\u00e1le ankety Flotila roku. Titul si z leto\u0161n\u00ed volby odn\u00e1\u0161\u00ed model Peugeot 408. V\u00edt\u011bzstv\u00ed v kategorii Flotilov\u00e9 elektrick\u00e9 auto roku letos z\u00edskal Hyundai IONIQ 6. Fleeta\u0159kou roku se stala Kate\u0159ina Van\u011b\u010dkov\u00e1 z Renaultu.<\/strong><span id=\"more-462\"><\/span><span id=\"more-39\"><\/span><\/p>\n<p>O celkov\u00fdch v\u00edt\u011bz\u00edch ve dvou hlavn\u00edch kategori\u00edch ankety\u00a0<strong><a href=\"https:\/\/www.e-flotila.cz\/category\/flotila-roku\/\" target=\"_blank\" rel=\"noreferrer noopener\">FLOTILA ROKU 202<\/a>3<\/strong>\u00a0rozhodovalo 150 spr\u00e1vc\u016f vozov\u00fdch park\u016f, kte\u0159\u00ed se 21.\u00a0z\u00e1\u0159\u00ed tohoto roku z\u00fa\u010dastnili testovac\u00edch j\u00edzd na polygonu v\u00a0Hradci Kr\u00e1lov\u00e9.<\/p>\n<p>O\u00a0v\u00edt\u011bz\u00edch v\u00a0p\u0159idru\u017een\u00fdch kategori\u00edch Referentsk\u00e9 auto, Mana\u017eersk\u00e9 auto, Pr\u00e9miov\u00e9 auto, U\u017eitkov\u00e9 auto a\u00a0v\u00a0nejpo\u010detn\u011bj\u0161\u00ed kategorii NEW ENERGY rozhodovala odborn\u00e1 ve\u0159ejnost, kter\u00e1 m\u011bla mo\u017enost hlasovat pr\u00e1v\u011b zde na na\u0161ich webov\u00fdch str\u00e1nk\u00e1ch.<\/p>\n<p><strong>Galave\u010der v galerii SmetanaQ<\/strong><\/p>\n<p>Vyhl\u00e1\u0161en\u00ed v\u00fdsledk\u016f prob\u011bhlo 21.\u00a0listopadu v\u00a0galerii SmetanaQ v\u00a0Praze. V\u00fdjimkou bylo vyhl\u00e1\u0161en\u00ed kategorie\u00a0<strong>Flotilov\u00e9 elektrick\u00e9 auto roku 2023<\/strong>, jej\u00ed\u017e partnerem je spole\u010dnost\u00a0<strong>\u010cEZ ESCO<\/strong>. Vyhl\u00e1\u0161en\u00ed t\u00e9to kategorie prob\u011bhlo 9.\u00a0listopadu v\u00a0r\u00e1mci odborn\u00e9ho dne na v\u00fdstav\u011b e-Salon.<\/p>\n<p>V\u00edt\u011bzem se na z\u00e1klad\u011b hlasov\u00e1n\u00ed odborn\u00edk\u016f stal model\u00a0<strong>Hyundai IONIQ 6<\/strong>. V\u00edt\u011bzem hlavn\u00ed kategorie se po lo\u0148sk\u00e9m v\u00edt\u011bzi Audi A6 stal\u00a0<strong><a href=\"http:\/\/www.peugeot.cz\/\" target=\"_blank\" rel=\"noreferrer noopener\">Peugeot<\/a><\/strong>\u00a0<strong>408<\/strong>, jeho\u017e design p\u0159itahuje pohledy a\u00a0bylo to vid\u011bt i\u00a0na po\u010dtu uskute\u010dn\u011bn\u00fdch testovac\u00edch j\u00edzd pr\u00e1v\u011b b\u011bhem akce v\u00a0Hradci Kr\u00e1lov\u00e9, kde m\u011bli porotci mo\u017enost si v\u0161echny nominovan\u00e9 vozy vyzkou\u0161et.<\/p>\n<p>V\u00edt\u011bzi v\u00a0kategori\u00edch Referentsk\u00e9 auto, Mana\u017eersk\u00e9 auto, Pr\u00e9miov\u00e9 auto, U\u017eitkov\u00e9 auto a\u00a0v\u00a0nejpo\u010detn\u011bj\u0161\u00ed kategorii NEW ENERGY se staly postupn\u011b modely Volkswagen Golf Variant, Audi A6, BMW i7, Ford Ranger Raptor a\u00a0Kia EV6.<\/p>\n<p>Odborn\u00e1 ve\u0159ejnost vybrala i\u00a0z\u00a0nominac\u00ed kategorie Produkty a\u00a0slu\u017eby. Zde se na prvn\u00edm m\u00edst\u011b um\u00edstil produkt Fleximove od leasingov\u00e9 spole\u010dnosti MHC, druh\u00e9 m\u00edsto bral Wallbox OlifeEnergy s\u00a0funkc\u00ed Solar management spole\u010dnosti SECTRON a\u00a0t\u0159et\u00ed m\u00edsto vybojoval chytr\u00fd dob\u00edjec\u00ed kabel spole\u010dnosti E.ON.<\/p>\n<p>Partnerem leto\u0161n\u00edho ro\u010dn\u00edku ankety Flotila roku znovu byla\u00a0<strong>\u010cesk\u00e1 leasingov\u00e1 a\u00a0finan\u010dn\u00ed asociace<\/strong>. Spole\u010dnou volbou z\u00e1stupc\u016f magaz\u00ednu Flotila a\u00a0\u010dlen\u016f \u010cLFA byli ur\u010deni i\u00a0v\u00edt\u011bzov\u00e9 dal\u0161\u00edch dopl\u0148kov\u00fdch kategori\u00ed.<\/p>\n<p><img loading=\"lazy\" decoding=\"async\" class=\"alignnone size-medium wp-image-40\" src=\"http:\/\/www.partyweb.cz\/wp-content\/uploads\/2023\/11\/Flotila-anketa-cena-Peugeot-300x207.webp\" sizes=\"auto, (max-width: 300px) 100vw, 300px\" srcset=\"https:\/\/www.partyweb.cz\/wp-content\/uploads\/2023\/11\/Flotila-anketa-cena-Peugeot-300x207.webp 300w, https:\/\/www.partyweb.cz\/wp-content\/uploads\/2023\/11\/Flotila-anketa-cena-Peugeot.webp 768w\" alt=\"\" width=\"300\" height=\"207\" \/><\/p>\n<p><strong>Van\u011b\u010dkov\u00e1 z Renaultu fleeta\u0159kou roku<\/strong><\/p>\n<p><strong>Fleetov\u00fdm dealerem roku<\/strong>\u00a0se stala spole\u010dnost Emil Frey;\u00a0<strong>Fleetov\u00fdm mana\u017eerem roku<\/strong>\u00a0Kate\u0159ina Van\u011b\u010dkov\u00e1 ze spole\u010dnosti Renault \u010cesk\u00e1 republika a\u00a0cenu za\u00a0<strong>Nejv\u011bt\u0161\u00ed p\u0159\u00ednos ekologii<\/strong>\u00a0z\u00edskala zna\u010dka KIA s\u00a0projektem prvn\u00edho udr\u017eiteln\u00e9ho dealerstv\u00ed, kter\u00fdm se stal Autosalon HS AUTO Stan\u011bk v\u00a0P\u00edsku.<\/p>\n<p><img loading=\"lazy\" decoding=\"async\" class=\"alignnone size-medium wp-image-41\" src=\"http:\/\/www.partyweb.cz\/wp-content\/uploads\/2023\/11\/Flotila-anketa-ceny-300x200.webp\" sizes=\"auto, (max-width: 300px) 100vw, 300px\" srcset=\"https:\/\/www.partyweb.cz\/wp-content\/uploads\/2023\/11\/Flotila-anketa-ceny-300x200.webp 300w, https:\/\/www.partyweb.cz\/wp-content\/uploads\/2023\/11\/Flotila-anketa-ceny.webp 768w\" alt=\"\" width=\"300\" height=\"200\" \/><\/p>\n<p><strong><u>CELKOV\u00c9 V\u00ddSLEDKY ANEKTY FLOTILA ROKU 2023<\/u><\/strong><\/p>\n<p><strong>Flotilov\u00e9 auto roku 2023<\/strong><\/p>\n<p>Peugeot 408<\/p>\n<p><strong>Flotilov\u00e9 elektrick\u00e9 auto roku 2023<\/strong><\/p>\n<p>Hyundai IONIQ 6<\/p>\n<p>&nbsp;<\/p>\n<p><strong>Referentsk\u00e9 auto<\/strong><\/p>\n<p>1.\u00a0m\u00edsto\u00a0\u00a0\u00a0\u00a0\u00a0\u00a0\u00a0\u00a0\u00a0\u00a0\u00a0\u00a0\u00a0\u00a0 Volkswagen Golf Variant<\/p>\n<p>2.\u00a0m\u00edsto\u00a0\u00a0\u00a0\u00a0\u00a0\u00a0\u00a0\u00a0\u00a0\u00a0\u00a0\u00a0\u00a0\u00a0 Ford Focus Kombi<\/p>\n<p>3.\u00a0m\u00edsto\u00a0\u00a0\u00a0\u00a0\u00a0\u00a0\u00a0\u00a0\u00a0\u00a0\u00a0\u00a0\u00a0\u00a0 BMW iX1<\/p>\n<p><strong>Mana\u017eersk\u00e9 auto<\/strong><\/p>\n<p>1.\u00a0m\u00edsto\u00a0\u00a0\u00a0\u00a0\u00a0\u00a0\u00a0\u00a0\u00a0\u00a0\u00a0\u00a0\u00a0\u00a0 Audi A6<\/p>\n<p>2.\u00a0m\u00edsto \u00a0\u00a0\u00a0\u00a0\u00a0\u00a0\u00a0\u00a0\u00a0\u00a0\u00a0\u00a0\u00a0 Volvo V90<\/p>\n<p>3.\u00a0m\u00edsto\u00a0\u00a0\u00a0\u00a0\u00a0\u00a0\u00a0\u00a0\u00a0\u00a0\u00a0\u00a0\u00a0\u00a0 Kia Sportage<\/p>\n<p><strong>Pr\u00e9miov\u00e9 auto<\/strong><\/p>\n<p>1.\u00a0m\u00edsto\u00a0\u00a0\u00a0\u00a0\u00a0\u00a0\u00a0\u00a0\u00a0\u00a0\u00a0\u00a0\u00a0\u00a0 BMW i7<\/p>\n<p>2.\u00a0m\u00edsto \u00a0\u00a0\u00a0\u00a0\u00a0\u00a0\u00a0\u00a0\u00a0\u00a0\u00a0\u00a0\u00a0 Mercedes-Benz EQS<\/p>\n<p>3.\u00a0m\u00edsto\u00a0\u00a0\u00a0\u00a0\u00a0\u00a0\u00a0\u00a0\u00a0\u00a0\u00a0\u00a0\u00a0\u00a0 Volkswagen Arteon Shooting Brake<\/p>\n<p><strong>U\u017eitkov\u00e9 auto<\/strong><\/p>\n<p>1.\u00a0m\u00edsto\u00a0\u00a0\u00a0\u00a0\u00a0\u00a0\u00a0\u00a0\u00a0\u00a0\u00a0\u00a0\u00a0\u00a0 Ford Ranger Raptor<\/p>\n<p>2.\u00a0m\u00edsto \u00a0\u00a0\u00a0\u00a0\u00a0\u00a0\u00a0\u00a0\u00a0\u00a0\u00a0\u00a0\u00a0 Volkswagen Amarok<\/p>\n<p>3.\u00a0m\u00edsto\u00a0\u00a0\u00a0\u00a0\u00a0\u00a0\u00a0\u00a0\u00a0\u00a0\u00a0\u00a0\u00a0\u00a0 Fiat Doblo<\/p>\n<p><strong>NEW ENERGY<\/strong><\/p>\n<p>1.\u00a0m\u00edsto\u00a0\u00a0\u00a0\u00a0\u00a0\u00a0\u00a0\u00a0\u00a0\u00a0\u00a0\u00a0\u00a0\u00a0 Kia EV6<\/p>\n<p>2.\u00a0m\u00edsto \u00a0\u00a0\u00a0\u00a0\u00a0\u00a0\u00a0\u00a0\u00a0\u00a0\u00a0\u00a0\u00a0 \u0160koda Enyaq<\/p>\n<p>3.\u00a0m\u00edsto\u00a0\u00a0\u00a0\u00a0\u00a0\u00a0\u00a0\u00a0\u00a0\u00a0\u00a0\u00a0\u00a0\u00a0 Ford Mustang Mach-E GT<\/p>\n<p><strong>Zdroj: Michal \u017d\u010f\u00e1rsk\u00fd<\/strong><\/p>\n<\/div>\n<p><!--more--><\/p>\n","protected":false},"excerpt":{"rendered":"<p>Galerie SmetanaQ hostila fin\u00e1le ankety Flotila roku. Titul si z leto\u0161n\u00ed volby odn\u00e1\u0161\u00ed model Peugeot&#8230;<\/p>\n","protected":false},"author":1,"featured_media":73,"comment_status":"open","ping_status":"open","sticky":false,"template":"","format":"standard","meta":{"footnotes":""},"categories":[12,14],"tags":[],"class_list":["post-72","post","type-post","status-publish","format-standard","has-post-thumbnail","hentry","category-ankety","category-eventy"],"_links":{"self":[{"href":"https:\/\/www.klubmn.cz\/index.php?rest_route=\/wp\/v2\/posts\/72","targetHints":{"allow":["GET"]}}],"collection":[{"href":"https:\/\/www.klubmn.cz\/index.php?rest_route=\/wp\/v2\/posts"}],"about":[{"href":"https:\/\/www.klubmn.cz\/index.php?rest_route=\/wp\/v2\/types\/post"}],"author":[{"embeddable":true,"href":"https:\/\/www.klubmn.cz\/index.php?rest_route=\/wp\/v2\/users\/1"}],"replies":[{"embeddable":true,"href":"https:\/\/www.klubmn.cz\/index.php?rest_route=%2Fwp%2Fv2%2Fcomments&post=72"}],"version-history":[{"count":1,"href":"https:\/\/www.klubmn.cz\/index.php?rest_route=\/wp\/v2\/posts\/72\/revisions"}],"predecessor-version":[{"id":74,"href":"https:\/\/www.klubmn.cz\/index.php?rest_route=\/wp\/v2\/posts\/72\/revisions\/74"}],"wp:featuredmedia":[{"embeddable":true,"href":"https:\/\/www.klubmn.cz\/index.php?rest_route=\/wp\/v2\/media\/73"}],"wp:attachment":[{"href":"https:\/\/www.klubmn.cz\/index.php?rest_route=%2Fwp%2Fv2%2Fmedia&parent=72"}],"wp:term":[{"taxonomy":"category","embeddable":true,"href":"https:\/\/www.klubmn.cz\/index.php?rest_route=%2Fwp%2Fv2%2Fcategories&post=72"},{"taxonomy":"post_tag","embeddable":true,"href":"https:\/\/www.klubmn.cz\/index.php?rest_route=%2Fwp%2Fv2%2Ftags&post=72"}],"curies":[{"name":"wp","href":"https:\/\/api.w.org\/{rel}","templated":true}]}}