{"id":75,"date":"2023-11-24T13:01:38","date_gmt":"2023-11-24T13:01:38","guid":{"rendered":"https:\/\/www.klubmn.cz\/?p=75"},"modified":"2023-11-24T13:01:38","modified_gmt":"2023-11-24T13:01:38","slug":"michal-zdarsky-ovladl-fia-ecorally-cup","status":"publish","type":"post","link":"https:\/\/www.klubmn.cz\/?p=75","title":{"rendered":"Michal \u017d\u010f\u00e1rsk\u00fd ovl\u00e1dl FIA ecoRally Cup"},"content":{"rendered":"<p><strong><span style=\"font-size: large;\">Od \u0160v\u00e9dska, p\u0159es Portugalsko a\u017e po Slovinsko letos sb\u00edrali body Michal \u017d\u010f\u00e1rsk\u00fd a Jakub N\u00e1b\u011blek, reprezentanti \u010cesk\u00e9 republiky v nejn\u00e1ro\u010dn\u011bj\u0161\u00ed sout\u011b\u017ei elektromobil\u016f \u2013 ofici\u00e1ln\u00edm mistrovstv\u00ed Bridgestone FIA ecoRally Cup.<\/span><\/strong><!--more--><\/p>\n<p><span style=\"font-size: large;\">Dok\u00e1zali se prosadit v\u00a0t\u011b\u017ek\u00e9 mezin\u00e1rodn\u00ed konkurenci a po z\u00e1v\u011bre\u010dn\u00e9m podniku v Dolomitech mohli nad hlavu zvednout zlat\u00e9 poh\u00e1ry. \u010cesk\u00e1 dvojice, p\u016fsob\u00edc\u00ed v seri\u00e1lu pod hlavi\u010dkou Autoklubu \u010cR jako reprezentace \u010cesk\u00e9 republiky v automobilov\u00e9m sportu, m\u011bla p\u0159ed italsk\u00fdm fin\u00e1le n\u00e1skok pouh\u00e9 dva body na dvojn\u00e1sobn\u00e9 mistry sv\u011bta ze \u0160pan\u011blska a musela tak p\u0159edv\u00e9st svoje maximum.<\/span><\/p>\n<p><span style=\"font-size: large;\">Celkov\u00e9 druh\u00e9 m\u00edsto k\u00a0tomu nakonec sta\u010dilo i d\u00edky stabiln\u011b skv\u011bl\u00fdm v\u00fdsledk\u016fm v pr\u016fb\u011bhu cel\u00e9ho roku \u2013 prvn\u00edmu m\u00edstu z\u00a0Portugalska, st\u0159\u00edbru\u00a0ze \u0160pan\u011blska, bronzu z Monte Carla a \u010cesk\u00e9ho Krumlova, \u010dtvrt\u00fdm m\u00edst\u016fm\u00a0ze \u0160v\u00e9dska a \u0160pan\u011blska\u00a0a nejhor\u0161\u00edmu p\u00e1t\u00e9mu, ale i tak slu\u0161n\u011b bodovan\u00e9mu um\u00edst\u011bn\u00ed ze Slovinska.<\/span><\/p>\n","protected":false},"excerpt":{"rendered":"<p>Od \u0160v\u00e9dska, p\u0159es Portugalsko a\u017e po Slovinsko letos sb\u00edrali body Michal \u017d\u010f\u00e1rsk\u00fd a Jakub N\u00e1b\u011blek,&#8230;<\/p>\n","protected":false},"author":1,"featured_media":76,"comment_status":"open","ping_status":"open","sticky":false,"template":"","format":"standard","meta":{"footnotes":""},"categories":[10],"tags":[],"class_list":["post-75","post","type-post","status-publish","format-standard","has-post-thumbnail","hentry","category-motorsport"],"_links":{"self":[{"href":"https:\/\/www.klubmn.cz\/index.php?rest_route=\/wp\/v2\/posts\/75","targetHints":{"allow":["GET"]}}],"collection":[{"href":"https:\/\/www.klubmn.cz\/index.php?rest_route=\/wp\/v2\/posts"}],"about":[{"href":"https:\/\/www.klubmn.cz\/index.php?rest_route=\/wp\/v2\/types\/post"}],"author":[{"embeddable":true,"href":"https:\/\/www.klubmn.cz\/index.php?rest_route=\/wp\/v2\/users\/1"}],"replies":[{"embeddable":true,"href":"https:\/\/www.klubmn.cz\/index.php?rest_route=%2Fwp%2Fv2%2Fcomments&post=75"}],"version-history":[{"count":2,"href":"https:\/\/www.klubmn.cz\/index.php?rest_route=\/wp\/v2\/posts\/75\/revisions"}],"predecessor-version":[{"id":78,"href":"https:\/\/www.klubmn.cz\/index.php?rest_route=\/wp\/v2\/posts\/75\/revisions\/78"}],"wp:featuredmedia":[{"embeddable":true,"href":"https:\/\/www.klubmn.cz\/index.php?rest_route=\/wp\/v2\/media\/76"}],"wp:attachment":[{"href":"https:\/\/www.klubmn.cz\/index.php?rest_route=%2Fwp%2Fv2%2Fmedia&parent=75"}],"wp:term":[{"taxonomy":"category","embeddable":true,"href":"https:\/\/www.klubmn.cz\/index.php?rest_route=%2Fwp%2Fv2%2Fcategories&post=75"},{"taxonomy":"post_tag","embeddable":true,"href":"https:\/\/www.klubmn.cz\/index.php?rest_route=%2Fwp%2Fv2%2Ftags&post=75"}],"curies":[{"name":"wp","href":"https:\/\/api.w.org\/{rel}","templated":true}]}}