{"id":774,"date":"2025-03-10T09:19:09","date_gmt":"2025-03-10T09:19:09","guid":{"rendered":"https:\/\/www.klubmn.cz\/?p=774"},"modified":"2025-03-10T09:19:09","modified_gmt":"2025-03-10T09:19:09","slug":"motocyklem-roku-je-bmw-r1300-gs-adventure","status":"publish","type":"post","link":"https:\/\/www.klubmn.cz\/?p=774","title":{"rendered":"Motocyklem roku je BMW R1300 GS Adventure"},"content":{"rendered":"<p><strong><b>V\u00fdstava MOTOCYKL PRAHA 2025 p\u0159inesla vyhl\u00e1\u0161en\u00ed ankety Motocykl roku. Sout\u011b\u017e, jej\u00edm\u017e vyhla\u0161ovatelem je Svaz dovozc\u016f automobil\u016f a organiz\u00e1torem ABF,\u00a0 vyvrcholila v p\u00e1tek 7. b\u0159ezna slavnostn\u00edm vyhl\u00e1\u0161en\u00edm v\u00fdsledk\u016f. <\/b><\/strong><span id=\"more-11496\"><\/span><!--more--><\/p>\n<p>\u0160estici nejlep\u0161\u00edch v jednotliv\u00fdch kategori\u00edch vybrala odborn\u00e1 porota spolu s hlasov\u00e1n\u00edm \u0161irok\u00e9 ve\u0159ejnosti. Absolutn\u00edm v\u00edt\u011bzem se stal model BMW R 1300 GS ADVENTURE.<\/p>\n<p>Z\u00e1jemci ze stran \u0161irok\u00e9 ve\u0159ejnosti mohli pro sv\u00e9ho favorita hlasovat b\u011bhem \u00fanora. Jejich hlasy spolu s\u00a0hlasy odborn\u00e9 poroty rozhodly o v\u00edt\u011bz\u00edch z\u00a0celkem 61 p\u0159ihl\u00e1\u0161en\u00fdch motocykl\u016f, a to v\u00a0kategori\u00edch <strong><b>sk\u00fatry, endura v\u010detn\u011b cestovn\u00edch, klasik, naked bikes, cestovn\u00ed silni\u010dn\u00ed motocykly a sportovn\u00ed silni\u010dn\u00ed motocykly<\/b><\/strong>.<\/p>\n<p>V\u00a0odborn\u00e9 porot\u011b zasedli fotograf Jan Altner, Tom\u00e1\u0161 Galbav\u00fd z\u00a0Motoklubu Policie \u010cR, Jan Kar\u00e1sek z Motohouse, Ji\u0159\u00ed Novotn\u00fd z\u00a0T\u00fdmu bezpe\u010dnosti, Gabriela Posp\u00ed\u0161ilov\u00e1 z\u00a0Motoforum.cz, Jan Rame\u0161 z\u00a0Motork\u00e1\u0159i.cz, Jakub Rejlek z\u00a0Faster\/AutoMoto Sv\u011bt, Jan Somerauer z Motohouse, Jan Straka z\u00a0Policie \u010cR, odborn\u00edk Josef \u0160iler, Jaroslav \u0160\u00edma, Karel T\u00e1borsk\u00fd z Motohouse, Filip Tich\u00fd a Dominik Val\u00e1\u0161ek z\u00a0Motork\u00e1\u0159i.cz.<\/p>\n<p><strong>Zdroj:\u00a0<em><i>Lucie B\u00e1rtov\u00e1,<br \/>\n<\/i><\/em><em><i>vedouc\u00ed PR odd\u011blen\u00ed ABF<\/i><\/em><\/strong><\/p>\n","protected":false},"excerpt":{"rendered":"<p>V\u00fdstava MOTOCYKL PRAHA 2025 p\u0159inesla vyhl\u00e1\u0161en\u00ed ankety Motocykl roku. Sout\u011b\u017e, jej\u00edm\u017e vyhla\u0161ovatelem je Svaz dovozc\u016f&#8230;<\/p>\n","protected":false},"author":1,"featured_media":776,"comment_status":"open","ping_status":"open","sticky":false,"template":"","format":"standard","meta":{"footnotes":""},"categories":[12,18],"tags":[],"class_list":["post-774","post","type-post","status-publish","format-standard","has-post-thumbnail","hentry","category-ankety","category-motocykly"],"_links":{"self":[{"href":"https:\/\/www.klubmn.cz\/index.php?rest_route=\/wp\/v2\/posts\/774","targetHints":{"allow":["GET"]}}],"collection":[{"href":"https:\/\/www.klubmn.cz\/index.php?rest_route=\/wp\/v2\/posts"}],"about":[{"href":"https:\/\/www.klubmn.cz\/index.php?rest_route=\/wp\/v2\/types\/post"}],"author":[{"embeddable":true,"href":"https:\/\/www.klubmn.cz\/index.php?rest_route=\/wp\/v2\/users\/1"}],"replies":[{"embeddable":true,"href":"https:\/\/www.klubmn.cz\/index.php?rest_route=%2Fwp%2Fv2%2Fcomments&post=774"}],"version-history":[{"count":1,"href":"https:\/\/www.klubmn.cz\/index.php?rest_route=\/wp\/v2\/posts\/774\/revisions"}],"predecessor-version":[{"id":775,"href":"https:\/\/www.klubmn.cz\/index.php?rest_route=\/wp\/v2\/posts\/774\/revisions\/775"}],"wp:featuredmedia":[{"embeddable":true,"href":"https:\/\/www.klubmn.cz\/index.php?rest_route=\/wp\/v2\/media\/776"}],"wp:attachment":[{"href":"https:\/\/www.klubmn.cz\/index.php?rest_route=%2Fwp%2Fv2%2Fmedia&parent=774"}],"wp:term":[{"taxonomy":"category","embeddable":true,"href":"https:\/\/www.klubmn.cz\/index.php?rest_route=%2Fwp%2Fv2%2Fcategories&post=774"},{"taxonomy":"post_tag","embeddable":true,"href":"https:\/\/www.klubmn.cz\/index.php?rest_route=%2Fwp%2Fv2%2Ftags&post=774"}],"curies":[{"name":"wp","href":"https:\/\/api.w.org\/{rel}","templated":true}]}}