{"id":777,"date":"2025-03-10T09:23:12","date_gmt":"2025-03-10T09:23:12","guid":{"rendered":"https:\/\/www.klubmn.cz\/?p=777"},"modified":"2025-03-10T09:23:12","modified_gmt":"2025-03-10T09:23:12","slug":"letnany-videly-veletrh-motocykl-2025","status":"publish","type":"post","link":"https:\/\/www.klubmn.cz\/?p=777","title":{"rendered":"Let\u0148any vid\u011bly veletrh MOTOCYKL 2025"},"content":{"rendered":"<div><strong>Mana\u017ee\u0159i PVA EXPO PRAHA, policejn\u00ed n\u00e1m\u011bstek Tom\u00e1\u0161 Lerch a tajemn\u00edk Svazu dovozc\u016f automobil\u016f Josef Pokorn\u00fd zah\u00e1jili 6. b\u0159ezna v\u00fdstavu Motocykl 2025, kter\u00e1 zaplnila sedm v\u00fdstavn\u00edch hal v Let\u0148anech! \u010ctvrtek dopoledne byl v\u011bnov\u00e1n m\u00e9di\u00edm a odborn\u00e9 ve\u0159ejnosti.<\/strong><\/div>\n<p><!--more--><\/p>\n<div>Organiz\u00e1to\u0159i v\u00fdstavy letos \u010dekaj\u00ed ve \u010dty\u0159ech dnech n\u00e1v\u0161t\u011bvu 60 000 lid\u00ed. \u201eMotorky na\u0161t\u011bst\u00ed zat\u00edm nejsou podrobeny tak tvrd\u00fdm emisn\u00edm limit\u016fm jako osobn\u00ed auta a \u010desk\u00e9 motoristy dle na\u0161ich statistik zaj\u00edmaj\u00ed. Za minul\u00fd rok jsme evidovali t\u0159icet tis\u00edc nov\u00fdch registrac\u00ed jednostop\u00fdch vozidel,\u201c \u0159ekl Josef Pokorn\u00fd.<\/div>\n<div><img loading=\"lazy\" decoding=\"async\" class=\"alignnone size-medium wp-image-11472\" src=\"http:\/\/www.automakers.cz\/wp-content\/uploads\/2025\/03\/Motocykl-Pokorny-Lerch-900x506.jpg\" sizes=\"auto, (max-width: 900px) 100vw, 900px\" srcset=\"https:\/\/www.automakers.cz\/wp-content\/uploads\/2025\/03\/Motocykl-Pokorny-Lerch-900x506.jpg 900w, https:\/\/www.automakers.cz\/wp-content\/uploads\/2025\/03\/Motocykl-Pokorny-Lerch-1024x576.jpg 1024w, https:\/\/www.automakers.cz\/wp-content\/uploads\/2025\/03\/Motocykl-Pokorny-Lerch-768x432.jpg 768w, https:\/\/www.automakers.cz\/wp-content\/uploads\/2025\/03\/Motocykl-Pokorny-Lerch-1536x864.jpg 1536w, https:\/\/www.automakers.cz\/wp-content\/uploads\/2025\/03\/Motocykl-Pokorny-Lerch-1280x720.jpg 1280w, https:\/\/www.automakers.cz\/wp-content\/uploads\/2025\/03\/Motocykl-Pokorny-Lerch.jpg 2040w\" alt=\"\" width=\"900\" height=\"506\" \/><\/div>\n<div>Na novin\u00e1\u0159e \u010dekalo n\u011bkolik tiskov\u00fdch konferenc\u00ed zna\u010del BMW, Harley-Davidson, Aprilia, Vespa, Piaggio, Indian a Triumph. P\u0159ekvapiv\u011b letos nem\u011bly tiskovky Honda s Yamahou.<\/div>\n<div><\/div>\n<div><b>Aprilia<\/b> p\u0159edvedla Tuareg Rally inspirovan\u00fd Dakarem, Tuono 457 i do m\u011bsta ide\u00e1ln\u00ed sk\u00fatr SR GT.<\/div>\n<div><img loading=\"lazy\" decoding=\"async\" class=\"alignnone size-medium wp-image-11479\" src=\"http:\/\/www.automakers.cz\/wp-content\/uploads\/2025\/03\/Aprilia-Lukas-900x506.jpg\" sizes=\"auto, (max-width: 900px) 100vw, 900px\" srcset=\"https:\/\/www.automakers.cz\/wp-content\/uploads\/2025\/03\/Aprilia-Lukas-900x506.jpg 900w, https:\/\/www.automakers.cz\/wp-content\/uploads\/2025\/03\/Aprilia-Lukas-1024x576.jpg 1024w, https:\/\/www.automakers.cz\/wp-content\/uploads\/2025\/03\/Aprilia-Lukas-768x432.jpg 768w, https:\/\/www.automakers.cz\/wp-content\/uploads\/2025\/03\/Aprilia-Lukas-1536x864.jpg 1536w, https:\/\/www.automakers.cz\/wp-content\/uploads\/2025\/03\/Aprilia-Lukas-1280x720.jpg 1280w, https:\/\/www.automakers.cz\/wp-content\/uploads\/2025\/03\/Aprilia-Lukas.jpg 2040w\" alt=\"\" width=\"900\" height=\"506\" \/><\/div>\n<div><b>BMW<\/b> p\u0159ivezlo R 1300 GS Adventure, kter\u00fd od p\u0159edstaven\u00ed v minul\u00e9m roce vyvolal siln\u00e9 reakce, a uk\u00e1\u017ee koncept F 450 GS, kter\u00fd bude v \u010cR k vid\u011bn\u00ed jen po dobu trv\u00e1n\u00ed v\u00fdstavy.<\/div>\n<div><img loading=\"lazy\" decoding=\"async\" class=\"alignnone size-medium wp-image-776\" src=\"http:\/\/www.klubmn.cz\/wp-content\/uploads\/2025\/03\/BMW-GS-Adventure-300x200.jpg\" alt=\"\" width=\"300\" height=\"200\" \/><\/div>\n<div><\/div>\n<div><b>Harley-Davidson<\/b> uvedl novinky pro rok 2025, nap\u0159. model \u0159ady Touring, <em>motocykl<\/em> Street Glide Ultra nebo sportovn\u00ed adventure Pan America 1250 ST. Nechyb\u00ed ani modely Cruiser a limitovan\u00e1 kolekce CVO.<\/div>\n<div><img loading=\"lazy\" decoding=\"async\" class=\"alignnone size-medium wp-image-11480\" src=\"http:\/\/www.automakers.cz\/wp-content\/uploads\/2025\/03\/Harley-Motocykl-vystava-900x506.jpg\" sizes=\"auto, (max-width: 900px) 100vw, 900px\" srcset=\"https:\/\/www.automakers.cz\/wp-content\/uploads\/2025\/03\/Harley-Motocykl-vystava-900x506.jpg 900w, https:\/\/www.automakers.cz\/wp-content\/uploads\/2025\/03\/Harley-Motocykl-vystava-1024x576.jpg 1024w, https:\/\/www.automakers.cz\/wp-content\/uploads\/2025\/03\/Harley-Motocykl-vystava-768x432.jpg 768w, https:\/\/www.automakers.cz\/wp-content\/uploads\/2025\/03\/Harley-Motocykl-vystava-1536x864.jpg 1536w, https:\/\/www.automakers.cz\/wp-content\/uploads\/2025\/03\/Harley-Motocykl-vystava-1280x720.jpg 1280w, https:\/\/www.automakers.cz\/wp-content\/uploads\/2025\/03\/Harley-Motocykl-vystava.jpg 2040w\" alt=\"\" width=\"900\" height=\"506\" \/><\/div>\n<div><\/div>\n<div><strong>V\u00fdstavou Motocykl 2025 za jednu minutu (VIDEO):<\/strong><\/div>\n<div><\/div>\n<div><a href=\"https:\/\/www.youtube.com\/watch?v=77FWxIi5rp8\">https:\/\/www.youtube.com\/watch?v=77FWxIi5rp8<\/a><\/div>\n<div><\/div>\n<div><img loading=\"lazy\" decoding=\"async\" class=\"alignnone size-medium wp-image-11475\" src=\"http:\/\/www.automakers.cz\/wp-content\/uploads\/2025\/03\/Motocykl-2025-stanek-Honda-900x506.jpg\" sizes=\"auto, (max-width: 900px) 100vw, 900px\" srcset=\"https:\/\/www.automakers.cz\/wp-content\/uploads\/2025\/03\/Motocykl-2025-stanek-Honda-900x506.jpg 900w, https:\/\/www.automakers.cz\/wp-content\/uploads\/2025\/03\/Motocykl-2025-stanek-Honda-1024x576.jpg 1024w, https:\/\/www.automakers.cz\/wp-content\/uploads\/2025\/03\/Motocykl-2025-stanek-Honda-768x432.jpg 768w, https:\/\/www.automakers.cz\/wp-content\/uploads\/2025\/03\/Motocykl-2025-stanek-Honda-1536x864.jpg 1536w, https:\/\/www.automakers.cz\/wp-content\/uploads\/2025\/03\/Motocykl-2025-stanek-Honda-1280x720.jpg 1280w, https:\/\/www.automakers.cz\/wp-content\/uploads\/2025\/03\/Motocykl-2025-stanek-Honda.jpg 2040w\" alt=\"\" width=\"900\" height=\"506\" \/><\/div>\n<div><b>Honda<\/b> m\u011bla v Let\u0148anech t\u00e9m\u011b\u0159 50 <em>motocykl<\/em>\u016f. Mezi novinkami nechyb\u00ed CB1000Hornet SP, X-ADV, NT1100, Forza 750, GB350, cel\u00e1 \u0159ada Afrika Twin a nov\u00fd Transalp.<\/div>\n<div><\/div>\n<div><b>Indian Motorcycle<\/b> nab\u00eddl v\u00fdkonn\u00fd cruiser Sport Chief RT a jeho unik\u00e1tn\u00ed \u010deskou p\u0159estavbu American Graffiti.<b> Kawasaki <\/b>vystavovuje Z900, nov\u00fd transkontinent\u00e1ln\u00ed supersport Ninja 1100SX i nov\u011b vylep\u0161en\u00fd Versys 1100.<\/div>\n<div><\/div>\n<div>Spole\u010dnou expozici m\u011bla \u010dtve\u0159ice zna\u010dek <b>KTM<\/b>,\u00a0<b>Husqvarna<\/b>,\u00a0<b>GASGAS\u00a0<\/b>a\u00a0<b>MV Agusta<\/b>.\u00a0<b>Polaris<\/b> ukazujee z\u00e1vodn\u00ed speci\u00e1ly RZR Pro R.<\/div>\n<div><\/div>\n<div><b>Suzuki<\/b> v \u010cR poprv\u00e9 p\u0159edstavila modely DR-Z4S a DR-Z4SM. <b>Triumph Motorcycles<\/b> vystavuje Tiger Sport 800 a Speed Twin 1200 RS.<\/div>\n<div><img loading=\"lazy\" decoding=\"async\" class=\"alignnone size-medium wp-image-11474\" src=\"http:\/\/www.automakers.cz\/wp-content\/uploads\/2025\/03\/Motocykl-hosteska-Suzuki-900x506.jpg\" sizes=\"auto, (max-width: 900px) 100vw, 900px\" srcset=\"https:\/\/www.automakers.cz\/wp-content\/uploads\/2025\/03\/Motocykl-hosteska-Suzuki-900x506.jpg 900w, https:\/\/www.automakers.cz\/wp-content\/uploads\/2025\/03\/Motocykl-hosteska-Suzuki-1024x576.jpg 1024w, https:\/\/www.automakers.cz\/wp-content\/uploads\/2025\/03\/Motocykl-hosteska-Suzuki-768x432.jpg 768w, https:\/\/www.automakers.cz\/wp-content\/uploads\/2025\/03\/Motocykl-hosteska-Suzuki-1536x864.jpg 1536w, https:\/\/www.automakers.cz\/wp-content\/uploads\/2025\/03\/Motocykl-hosteska-Suzuki-1280x720.jpg 1280w, https:\/\/www.automakers.cz\/wp-content\/uploads\/2025\/03\/Motocykl-hosteska-Suzuki.jpg 2040w\" alt=\"\" width=\"900\" height=\"506\" \/><\/div>\n<div><\/div>\n<div><b>Vespa<\/b> mimo jin\u00e9 p\u0159ivezla GTS 310. Hv\u011bdou je samoz\u0159ejm\u011b i <b>Yamaha<\/b> R9 a Tracer 9 GT <b><\/b><\/div>\n<div><\/div>\n<div><strong>Erich Handl, Let\u0148any, Video Lud\u011bk Kortus<\/strong><\/div>\n","protected":false},"excerpt":{"rendered":"<p>Mana\u017ee\u0159i PVA EXPO PRAHA, policejn\u00ed n\u00e1m\u011bstek Tom\u00e1\u0161 Lerch a tajemn\u00edk Svazu dovozc\u016f automobil\u016f Josef Pokorn\u00fd&#8230;<\/p>\n","protected":false},"author":1,"featured_media":778,"comment_status":"open","ping_status":"open","sticky":false,"template":"","format":"standard","meta":{"footnotes":""},"categories":[18,6],"tags":[],"class_list":["post-777","post","type-post","status-publish","format-standard","has-post-thumbnail","hentry","category-motocykly","category-vystavy"],"_links":{"self":[{"href":"https:\/\/www.klubmn.cz\/index.php?rest_route=\/wp\/v2\/posts\/777","targetHints":{"allow":["GET"]}}],"collection":[{"href":"https:\/\/www.klubmn.cz\/index.php?rest_route=\/wp\/v2\/posts"}],"about":[{"href":"https:\/\/www.klubmn.cz\/index.php?rest_route=\/wp\/v2\/types\/post"}],"author":[{"embeddable":true,"href":"https:\/\/www.klubmn.cz\/index.php?rest_route=\/wp\/v2\/users\/1"}],"replies":[{"embeddable":true,"href":"https:\/\/www.klubmn.cz\/index.php?rest_route=%2Fwp%2Fv2%2Fcomments&post=777"}],"version-history":[{"count":2,"href":"https:\/\/www.klubmn.cz\/index.php?rest_route=\/wp\/v2\/posts\/777\/revisions"}],"predecessor-version":[{"id":780,"href":"https:\/\/www.klubmn.cz\/index.php?rest_route=\/wp\/v2\/posts\/777\/revisions\/780"}],"wp:featuredmedia":[{"embeddable":true,"href":"https:\/\/www.klubmn.cz\/index.php?rest_route=\/wp\/v2\/media\/778"}],"wp:attachment":[{"href":"https:\/\/www.klubmn.cz\/index.php?rest_route=%2Fwp%2Fv2%2Fmedia&parent=777"}],"wp:term":[{"taxonomy":"category","embeddable":true,"href":"https:\/\/www.klubmn.cz\/index.php?rest_route=%2Fwp%2Fv2%2Fcategories&post=777"},{"taxonomy":"post_tag","embeddable":true,"href":"https:\/\/www.klubmn.cz\/index.php?rest_route=%2Fwp%2Fv2%2Ftags&post=777"}],"curies":[{"name":"wp","href":"https:\/\/api.w.org\/{rel}","templated":true}]}}