{"id":818,"date":"2025-03-27T12:40:03","date_gmt":"2025-03-27T12:40:03","guid":{"rendered":"https:\/\/www.klubmn.cz\/?p=818"},"modified":"2025-03-27T12:40:03","modified_gmt":"2025-03-27T12:40:03","slug":"trump-uvalil-25-cla-na-dovoz-aut-do-usa-video","status":"publish","type":"post","link":"https:\/\/www.klubmn.cz\/?p=818","title":{"rendered":"Trump uvalil 25% cla na dovoz aut do USA (Video)"},"content":{"rendered":"<p><strong><span class=\"highlight-E5id2 highlight-E5M\">Prezident<\/span> USA <span class=\"highlight-E2id0 highlight-E2M\">Donald<\/span> <span class=\"highlight-query highlight-E2id0 highlight-E2M\">Trump<\/span> ozn\u00e1mil, \u017ee <span class=\"highlight-E0id1 highlight-E0M\">Spojen\u00e9<\/span> <span class=\"highlight-E0id1 highlight-E0M\">st\u00e1ty<\/span> uval\u00ed cla ve v\u00fd\u0161i 25 procent na dovoz \u201ev\u0161ech automobil\u016f, kter\u00e9 nebyly vyrobeny ve <span class=\"highlight-E0id1 highlight-E0M\">Spojen\u00fdch<\/span> <span class=\"highlight-E0id1 highlight-E0M\">st\u00e1tech<\/span>\u201e, a podepsal p\u0159\u00edslu\u0161n\u00fd exekutivn\u00ed v\u00fdnos. Cla vstoup\u00ed v platnost 2. dubna, dodal <span class=\"highlight-query highlight-E2id0 highlight-E2M\">Trump<\/span> v <span class=\"highlight-E0id5 highlight-E0M\">B\u00edl\u00e9m<\/span> <span class=\"highlight-E0id5 highlight-E0M\">dom\u011b<\/span>. Informuj\u00ed o tom tiskov\u00e9 agentury.<\/strong> <span id=\"more-11961\"><\/span><!--more--><\/p>\n<p>P\u0159edsedkyn\u011b <span class=\"highlight-E1id2 highlight-E1M\">Evropsk\u00e9<\/span> <span class=\"highlight-E1id2 highlight-E1M\">komise<\/span> <span class=\"highlight-E2id2 highlight-E2M\">Ursula<\/span> <span class=\"highlight-E2id2 highlight-E2M\">von<\/span> <span class=\"highlight-E2id2 highlight-E2M\">der<\/span> <span class=\"highlight-E2id2 highlight-E2M\">Leyenov\u00e1<\/span> vz\u00e1p\u011bt\u00ed uvedla, \u017ee <span class=\"highlight-E2id0 highlight-E2M\">Trumpova<\/span> rozhodnut\u00ed hluboce lituje a <span class=\"highlight-E1id1 highlight-E1M\">EU<\/span> jeho ozn\u00e1men\u00ed vyhodnot\u00ed. \u201eP\u0159im\u011bjeme zem\u011b, kter\u00e9 v na\u0161\u00ed zemi podnikaj\u00ed a berou n\u00e1m na\u0161e bohatstv\u00ed, aby zaplatily\u2026 Ud\u011bl\u00e1me to, \u017ee uval\u00edme 25procentn\u00ed cla na v\u0161echna auta, kter\u00e1 nejsou vyrobena ve <span class=\"highlight-E0id1 highlight-E0M\">Spojen\u00fdch<\/span> <span class=\"highlight-E0id1 highlight-E0M\">st\u00e1tech<\/span>. Pokud budou vyrobena ve <span class=\"highlight-E0id1 highlight-E0M\">Spojen\u00fdch<\/span> <span class=\"highlight-E0id1 highlight-E0M\">st\u00e1tech<\/span>, nebudou na n\u011b uvalena absolutn\u011b \u017e\u00e1dn\u00e1 cla,\u201c \u0159ekl <span class=\"highlight-query highlight-E2id0 highlight-E2M\">Trump<\/span> <span class=\"highlight-E5id3 highlight-E5M\">novin\u00e1\u0159\u016fm<\/span> v <span class=\"highlight-E0id4 highlight-E0M\">Ov\u00e1ln\u00e9<\/span> <span class=\"highlight-E0id4 highlight-E0M\">pracovn\u011b<\/span>.<\/p>\n<p><iframe loading=\"lazy\" id=\"_ytid_82177\" class=\"__youtube_prefs__ epyt-is-override no-lazyload\" title=\"Trump Announces 25% Tariff on Auto Imports\" src=\"https:\/\/www.youtube.com\/embed\/N0kOreJnDCo?enablejsapi=1&amp;autoplay=0&amp;cc_load_policy=0&amp;cc_lang_pref=&amp;iv_load_policy=1&amp;loop=0&amp;modestbranding=0&amp;rel=1&amp;fs=1&amp;playsinline=0&amp;autohide=2&amp;theme=dark&amp;color=red&amp;controls=1&amp;\" width=\"640\" height=\"360\" allowfullscreen=\"allowfullscreen\" data-origwidth=\"640\" data-origheight=\"360\" data-no-lazy=\"1\" data-skipgform_ajax_framebjll=\"\" data-mce-fragment=\"1\"><\/iframe><\/p>\n<p>Americk\u00e1 vl\u00e1da o\u010dek\u00e1v\u00e1, \u017ee toto opat\u0159en\u00ed nav\u00fd\u0161\u00ed p\u0159\u00edjmy rozpo\u010dtu o dodate\u010dn\u00fdch 100 miliard dolar\u016f (2,3 bilionu korun), uvedl <span class=\"highlight-E5id8 highlight-E5M\">poradce<\/span> <span class=\"highlight-E2id0 highlight-E2M\">Trumpovy<\/span> administrativy. <span class=\"highlight-query highlight-E2id0 highlight-E2M\">Trump<\/span> pova\u017euje cla za n\u00e1stroj ke zv\u00fd\u0161en\u00ed p\u0159\u00edjm\u016f, kter\u00e9 by kompenzovalo j\u00edm slibovan\u00e9 sn\u00ed\u017een\u00ed dan\u00ed, a k o\u017eiven\u00ed dlouhodob\u011b upadaj\u00edc\u00ed pr\u016fmyslov\u00e9 v\u00fdroby v <span class=\"highlight-E0id1 highlight-E0M\">USA<\/span>. Dnes prohl\u00e1sil, \u017ee toto opat\u0159en\u00ed podpo\u0159\u00ed dom\u00e1c\u00ed r\u016fst.<\/p>\n<p>Podle <span class=\"highlight-E5id0 highlight-E5M\">expert\u016f<\/span> z automobilov\u00e9ho pr\u016fmyslu v\u0161ak zaveden\u00ed cel na dovoz automobil\u016f povede mimo jin\u00e9 ke zv\u00fd\u0161en\u00ed cen pro <span class=\"highlight-E5id7 highlight-E5M\">spot\u0159ebitele<\/span> a v d\u016fsledku k omezen\u00ed v\u00fdroby, p\u00ed\u0161e <span class=\"highlight-E1id0 highlight-E4id0 highlight-E1M highlight-E4M\">Reuters<\/span>. Cla na dovoz osobn\u00edch a lehk\u00fdch n\u00e1kladn\u00edch automobil\u016f vstoup\u00ed v platnost 2. dubna, tedy v den, kdy <span class=\"highlight-query highlight-E2id0 highlight-E2M\">Trump<\/span> hodl\u00e1 ozn\u00e1mit rozs\u00e1hl\u00e1 recipro\u010dn\u00ed cla tak\u00e9 v dal\u0161\u00edch pr\u016fmyslov\u00fdch sektorech zam\u011b\u0159en\u00e1 na zem\u011b, kter\u00e9 jsou zodpov\u011bdn\u00e9 za v\u011bt\u0161\u00ed \u010d\u00e1st obchodn\u00edho deficitu <span class=\"highlight-E0id1 highlight-E0M\">USA<\/span>.<\/p>\n<p><strong>Evropsk\u00e1 unie zva\u017euje odvetu<\/strong><\/p>\n<p><span class=\"highlight-E1id2 highlight-E1M\">Evropsk\u00e1<\/span> <span class=\"highlight-E1id2 highlight-E1M\">komise<\/span> bude dne\u0161n\u00ed <span class=\"highlight-E2id0 highlight-E2M\">Trumpovo<\/span> ozn\u00e1men\u00ed posuzovat spolu s dal\u0161\u00edmi opat\u0159en\u00edmi, kter\u00e1 jeho administrativa zva\u017euje p\u0159ijmout v p\u0159\u00ed\u0161t\u00edch dnech, uvedla podle agentur <span class=\"highlight-E2id2 highlight-E2M\">von<\/span> <span class=\"highlight-E2id2 highlight-E2M\">der<\/span> <span class=\"highlight-E2id2 highlight-E2M\">Leyenov\u00e1<\/span>.<\/p>\n<p>\u201eJak u\u017e jsem \u0159ekla d\u0159\u00edve, cla jsou dan\u011b \u2013 \u0161patn\u00e9 pro podniky, je\u0161t\u011b hor\u0161\u00ed pro <span class=\"highlight-E5id7 highlight-E5M\">spot\u0159ebitele<\/span> jak ve <span class=\"highlight-E0id1 highlight-E0M\">Spojen\u00fdch<\/span> <span class=\"highlight-E0id1 highlight-E0M\">st\u00e1tech<\/span>, tak v <span class=\"highlight-E1id1 highlight-E1M\">Evropsk\u00e9<\/span> <span class=\"highlight-E1id1 highlight-E1M\">unii<\/span>,\u201c uvedla v prohl\u00e1\u0161en\u00ed. <span class=\"highlight-E1id1 highlight-E1M\">EU<\/span> bude i nad\u00e1le usilovat o \u0159e\u0161en\u00ed na z\u00e1klad\u011b jedn\u00e1n\u00ed a z\u00e1rove\u0148 chr\u00e1nit sv\u00e9 ekonomick\u00e9 z\u00e1jmy, dodala. \u201eJako v\u00fdznamn\u00e1 obchodn\u00ed mocnost a siln\u00e9 spole\u010denstv\u00ed 27 \u010dlensk\u00fdch st\u00e1t\u016f budeme spole\u010dn\u011b chr\u00e1nit na\u0161e pracovn\u00edky, podniky a <span class=\"highlight-E5id7 highlight-E5M\">spot\u0159ebitele<\/span> v cel\u00e9 <span class=\"highlight-E1id1 highlight-E1M\">Evropsk\u00e9<\/span> <span class=\"highlight-E1id1 highlight-E1M\">unii<\/span>,\u201c zd\u016fraznila <span class=\"highlight-E5id4 highlight-E5M\">\u0161\u00e9fka<\/span> exekutivy <span class=\"highlight-E1id1 highlight-E1M\">EU<\/span>. <span class=\"highlight-query highlight-E2id0 highlight-E2M\">Trump<\/span> se dlouhodob\u011b vymezuje proti tomu, co naz\u00fdv\u00e1 nespravedliv\u00fdm zach\u00e1zen\u00edm v souvislosti s v\u00fdvozem automobil\u016f z <span class=\"highlight-E0id1 highlight-E0M\">USA<\/span> na zahrani\u010dn\u00ed trhy. \u010casto zmi\u0148uje <span class=\"highlight-E1id1 highlight-E1M\">Evropskou<\/span> <span class=\"highlight-E1id1 highlight-E1M\">unii<\/span>, kter\u00e1 p\u0159i dovozu vozidel uplat\u0148uje desetiprocentn\u00ed clo, tedy \u010dty\u0159ikr\u00e1t vy\u0161\u0161\u00ed, ne\u017e \u010din\u00ed dosavadn\u00ed 2,5procentn\u00ed celn\u00ed sazba pro dovoz osobn\u00edch automobil\u016f do <span class=\"highlight-E0id1 highlight-E0M\">USA<\/span>.<\/p>\n<p><strong>P\u0159\u00edm\u00fd \u00fatok na kanadsk\u00e9 d\u011bln\u00edky<\/strong><\/p>\n<p><span class=\"highlight-E5id9 highlight-E5M\">Kanadsk\u00fd<\/span> <span class=\"highlight-E5id9 highlight-E5M\">premi\u00e9r<\/span> <span class=\"highlight-E2id1 highlight-E2M\">Mark<\/span> <span class=\"highlight-E2id1 highlight-E2M\">Carney<\/span> reagoval na <span class=\"highlight-E2id0 highlight-E2M\">Trumpovo<\/span> ozn\u00e1men\u00ed o clech na automobily prohl\u00e1\u0161en\u00edm, \u017ee jde o p\u0159\u00edm\u00fd \u00fatok na kanadsk\u00e9 <span class=\"highlight-E5id5 highlight-E5M\">d\u011bln\u00edky<\/span> a \u017ee se <span class=\"highlight-E0id0 highlight-E0M\">Kanada<\/span> bude br\u00e1nit. <span class=\"highlight-E5id3 highlight-E5M\">Novin\u00e1\u0159\u016fm<\/span> \u0159ekl, \u017ee na \u010dtvrtek svol\u00e1 sch\u016fzku <span class=\"highlight-E5id1 highlight-E5M\">ministr\u016f<\/span> kabinetu a \u017ee feder\u00e1ln\u00ed vl\u00e1da vytvo\u0159ila rozs\u00e1hl\u00fd finan\u010dn\u00ed n\u00e1stroj, z n\u011bj\u017e budou moci posti\u017een\u00e9 firmy v p\u0159\u00edpad\u011b pot\u0159eby \u010derpat likviditu.<\/p>\n<p><span class=\"highlight-E0id1 highlight-E0M\">Spojen\u00e9<\/span> <span class=\"highlight-E0id1 highlight-E0M\">st\u00e1ty<\/span> dovezly v roce 2024 automobilov\u00e9 v\u00fdrobky v\u010detn\u011b d\u00edl\u016f v hodnot\u011b 474 miliard dolar\u016f (10,9 bilionu korun), z toho osobn\u00ed automobily v hodnot\u011b 220 miliard dolar\u016f (4,6 bilionu korun). Nejv\u011bt\u0161\u00edmi <span class=\"highlight-E5id6 highlight-E5M\">dodavateli<\/span> byli pr\u00e1v\u011b bl\u00edzc\u00ed spojenci <span class=\"highlight-E0id1 highlight-E0M\">USA<\/span> jako <span class=\"highlight-E0id0 highlight-E0M\">Kanada<\/span>, <span class=\"highlight-E0id7 highlight-E0M\">Mexiko<\/span>, <span class=\"highlight-E0id2 highlight-E0M\">Japonsko<\/span>, <span class=\"highlight-E0id6 highlight-E0M\">Ji\u017en\u00ed<\/span> <span class=\"highlight-E0id6 highlight-E0M\">Korea<\/span> \u010di <span class=\"highlight-E0id3 highlight-E0M\">N\u011bmecko<\/span>.<\/p>\n<p><strong>Zdroj: T\u00fdden; Video: Bloomberg<\/strong><\/p>\n","protected":false},"excerpt":{"rendered":"<p>Prezident USA Donald Trump ozn\u00e1mil, \u017ee Spojen\u00e9 st\u00e1ty uval\u00ed cla ve v\u00fd\u0161i 25 procent na&#8230;<\/p>\n","protected":false},"author":1,"featured_media":820,"comment_status":"open","ping_status":"open","sticky":false,"template":"","format":"standard","meta":{"footnotes":""},"categories":[26,34],"tags":[],"class_list":["post-818","post","type-post","status-publish","format-standard","has-post-thumbnail","hentry","category-legislativa","category-news"],"_links":{"self":[{"href":"https:\/\/www.klubmn.cz\/index.php?rest_route=\/wp\/v2\/posts\/818","targetHints":{"allow":["GET"]}}],"collection":[{"href":"https:\/\/www.klubmn.cz\/index.php?rest_route=\/wp\/v2\/posts"}],"about":[{"href":"https:\/\/www.klubmn.cz\/index.php?rest_route=\/wp\/v2\/types\/post"}],"author":[{"embeddable":true,"href":"https:\/\/www.klubmn.cz\/index.php?rest_route=\/wp\/v2\/users\/1"}],"replies":[{"embeddable":true,"href":"https:\/\/www.klubmn.cz\/index.php?rest_route=%2Fwp%2Fv2%2Fcomments&post=818"}],"version-history":[{"count":1,"href":"https:\/\/www.klubmn.cz\/index.php?rest_route=\/wp\/v2\/posts\/818\/revisions"}],"predecessor-version":[{"id":819,"href":"https:\/\/www.klubmn.cz\/index.php?rest_route=\/wp\/v2\/posts\/818\/revisions\/819"}],"wp:featuredmedia":[{"embeddable":true,"href":"https:\/\/www.klubmn.cz\/index.php?rest_route=\/wp\/v2\/media\/820"}],"wp:attachment":[{"href":"https:\/\/www.klubmn.cz\/index.php?rest_route=%2Fwp%2Fv2%2Fmedia&parent=818"}],"wp:term":[{"taxonomy":"category","embeddable":true,"href":"https:\/\/www.klubmn.cz\/index.php?rest_route=%2Fwp%2Fv2%2Fcategories&post=818"},{"taxonomy":"post_tag","embeddable":true,"href":"https:\/\/www.klubmn.cz\/index.php?rest_route=%2Fwp%2Fv2%2Ftags&post=818"}],"curies":[{"name":"wp","href":"https:\/\/api.w.org\/{rel}","templated":true}]}}