{"id":881,"date":"2025-04-17T11:19:54","date_gmt":"2025-04-17T11:19:54","guid":{"rendered":"https:\/\/www.klubmn.cz\/?p=881"},"modified":"2025-04-17T11:19:54","modified_gmt":"2025-04-17T11:19:54","slug":"tom-hyan-na-autosalonu-v-new-yorku","status":"publish","type":"post","link":"https:\/\/www.klubmn.cz\/?p=881","title":{"rendered":"Tom Hyan na autosalonu v New Yorku"},"content":{"rendered":"<p><strong>Nestor KMN Tom\u00e1\u0161 Hyan se vyrazil pod\u00edvat na nejstar\u0161\u00ed autosalon v USA, kter\u00fd letos\u00a0 slav\u00ed 125. v\u00fdro\u010d\u00ed. Host\u00ed ho ob\u0159\u00ed v\u00fdstavn\u00ed komplex Javits Center v New Yorku.<\/strong><span id=\"more-12537\"><\/span><!--more--><\/p>\n<p>Prvn\u00ed autosalon se v New Yorku konal v d\u00e1vn\u00e9m roce 1900, kdy bylo v\u00edce automobilov\u00fdch v\u00fdrobc\u016f ne\u017e dnes a je\u0161t\u011b nev\u011bd\u011bli, zda vyhraje benzin, p\u00e1ra nebo elektrika.<\/p>\n<p>To my u\u017e v\u00edme, a proto pokra\u010duje elektrick\u00e1 ofenz\u00edva. V Javits Center v New Yorku je cel\u00e9 podzem\u00ed v\u011bnov\u00e1no zku\u0161ebn\u00edm j\u00edzd\u00e1m elektromobil\u016f pro ve\u0159ejnost. <strong>Chevrolet, Ford, Dodge, Kia, Volkswagen, Hyundai, Nissan, Toyota, Cadillac<\/strong> a dal\u0161\u00ed tam p\u0159edv\u00e1d\u011bj\u00ed svoje nejnov\u011bj\u0161\u00ed elektrick\u00e9 modely. Nen\u00ed jich m\u00e1lo a nov\u00e9 p\u0159ib\u00fdvaj\u00ed i za mo\u0159em. Kupodivu v\u0161ak n\u011bkter\u00e9 tady chyb\u011bj\u00ed. Autosalon za\u010dal vyhl\u00e1\u0161en\u00edm v\u00edt\u011bz\u016f ankety <strong>World Car of the Year<\/strong>, kter\u00e9 u\u017e p\u00e1r let ovl\u00e1d\u00e1 duo Kia-Hyundai, ale leto\u0161n\u00ed v\u00edt\u011bz Kia EV3 vystaven nebyl, proto\u017ee se v USA zat\u00edm neprod\u00e1v\u00e1, zat\u00edmco sedan EV4 m\u011bl naopak autosalonovou premi\u00e9ru\u2026<\/p>\n<p><img loading=\"lazy\" decoding=\"async\" class=\"alignnone size-medium wp-image-12541\" src=\"http:\/\/www.automakers.cz\/wp-content\/uploads\/2025\/04\/Autosalon-NY-Kia-900x675.jpg\" alt=\"\" width=\"900\" height=\"675\" \/><strong>Osmiv\u00e1lce je\u0161t\u011b \u017eij\u00ed<\/strong><\/p>\n<p>Spalovac\u00ed motory ale d\u00e1le \u017eij\u00ed, a to i osmiv\u00e1lce. Z americk\u00fdch automobilek m\u011bly nejv\u011bt\u0161\u00ed expozice<strong> Ford a Chevrolet<\/strong>, krom\u011b pikap\u016f a SUV v\u0161ak z\u00e1\u0159ila nov\u00e1 vyd\u00e1n\u00ed ikon Ford Mustang GTD (v\u00fdkon 815 kon\u00ed) a Corvette ZR1 (v\u00fdkon 1064 kon\u00ed).<\/p>\n<p><img loading=\"lazy\" decoding=\"async\" class=\"alignnone size-medium wp-image-12545\" src=\"http:\/\/www.automakers.cz\/wp-content\/uploads\/2025\/04\/Mustang-GT-New-York-900x675.jpg\" alt=\"\" width=\"900\" height=\"675\" \/><\/p>\n<p><img loading=\"lazy\" decoding=\"async\" class=\"alignnone size-medium wp-image-12548\" src=\"http:\/\/www.automakers.cz\/wp-content\/uploads\/2025\/04\/Hyan-Corvette-New-York-900x675.jpg\" alt=\"\" width=\"900\" height=\"675\" \/><strong>Stellantis<\/strong> vsadil na elektromobilitu a nov\u00fd <strong>Dodge Charger Daytona<\/strong> byl vystaven jen v elektrick\u00e9 verzi (p\u0159ipravuje se \u0161estiv\u00e1lec, ale m\u00e1 zpo\u017ed\u011bn\u00ed). Podobn\u011b vyjel i Jeep Wagoneer Electric, \u00fadajn\u011b s dojezdem p\u0159es 480 km. Klasick\u00e9 Jeepy v\u0161ak udivovaly ter\u00e9nn\u00edmi schopnostmi na p\u0159ilehl\u00e9 zku\u0161ebn\u00ed dr\u00e1ze (j\u00edzda jen se zku\u0161en\u00fdmi instruktory).<\/p>\n<figure id=\"attachment_12576\" class=\"wp-caption alignnone\" aria-describedby=\"caption-attachment-12576\"><img loading=\"lazy\" decoding=\"async\" class=\"size-medium wp-image-12576\" src=\"http:\/\/www.automakers.cz\/wp-content\/uploads\/2025\/04\/Chrysler-Halcyon-koncept-900x675.jpg\" alt=\"\" width=\"900\" height=\"675\" \/><figcaption id=\"caption-attachment-12576\" class=\"wp-caption-text\">Koncept Chrysler Halcyon<\/figcaption><\/figure>\n<p>\u010c\u00ed\u0148an\u00e9 nevystavuj\u00ed, Korejci a Japonci naopak p\u0159edvedli nejv\u00edce novinek, v\u011bt\u0161inou v\u0161ak model\u016f pro severoamerick\u00fd trh. Tradi\u010dn\u011b z\u00e1\u0159\u00ed Genesis, luxusn\u00ed divize <strong>Hyundai<\/strong>, tentokr\u00e1t to byl koncept SUV netradi\u010dn\u00edch proporc\u00ed a sportovn\u00ed prototyp pro 24 h Le Mans.<\/p>\n<figure id=\"attachment_12574\" class=\"wp-caption alignnone\" aria-describedby=\"caption-attachment-12574\"><img loading=\"lazy\" decoding=\"async\" class=\"size-medium wp-image-12574\" src=\"http:\/\/www.automakers.cz\/wp-content\/uploads\/2025\/04\/Genesis-koncept-900x675.jpg\" alt=\"\" width=\"900\" height=\"675\" \/><figcaption id=\"caption-attachment-12574\" class=\"wp-caption-text\">Koncept Genesis<\/figcaption><\/figure>\n<p>Toyota vesele nab\u00edz\u00ed nov\u00e9 verze kup\u00e9 GT86, kter\u00e1 u\u017e do Evropy nesm\u011bj\u00ed, <strong>Subaru<\/strong> zah\u00e1jilo elektrickou modernizovanou Solterrou a nov\u00fdm elektrick\u00fdm Trailseekerem, t\u0159et\u00ed novinkou je dal\u0161\u00ed generace Outbacku, samoz\u0159ejm\u011b s boxerem 2,4 litru.<\/p>\n<p><img loading=\"lazy\" decoding=\"async\" class=\"alignnone size-medium wp-image-12581\" src=\"http:\/\/www.automakers.cz\/wp-content\/uploads\/2025\/04\/Subaru-Outback-900x675.jpg\" alt=\"\" width=\"900\" height=\"675\" \/>Mnoh\u00e9 zna\u010dky byly zastoupeny jen dealery, ostatn\u011b celou show po\u0159\u00e1d\u00e1 m\u00edstn\u00ed asociace dealer\u016f. Po\u0159adatel\u00e9 se v\u0161ak sna\u017e\u00ed, ke 125 let\u016fm p\u0159ipravili tak\u00e9 velkolepou doplnkovou show s historick\u00fdmi vozy, supersportovn\u00edmi a p\u0159ehl\u00eddkou tuningu. Je vystaveno p\u0159es 800 voz\u016f a autosalon kon\u010d\u00ed a\u017e v ned\u011bli 27. dubna.<\/p>\n<p><strong>Tom\u00e1\u0161 Hyan, New York<\/strong><\/p>\n<p><img loading=\"lazy\" decoding=\"async\" class=\"alignnone size-medium wp-image-12538\" src=\"http:\/\/www.automakers.cz\/wp-content\/uploads\/2025\/04\/Hyan-Tom-New-York-Autoshow-675x900.jpg\" alt=\"\" width=\"675\" height=\"900\" \/><\/p>\n<div class=\"heateor_sss_sharing_container heateor_sss_vertical_sharing heateor_sss_bottom_sharing\" data-heateor-sss-href=\"https:\/\/www.automakers.cz\/?p=12537\">\n<div class=\"heateor_sss_sharing_ul\"><\/div>\n<\/div>\n<div class=\"heateor_sss_sharing_container heateor_sss_vertical_sharing heateor_sss_bottom_sharing\" data-heateor-sss-href=\"https:\/\/www.automakers.cz\/?p=12537\"><\/div>\n","protected":false},"excerpt":{"rendered":"<p>Nestor KMN Tom\u00e1\u0161 Hyan se vyrazil pod\u00edvat na nejstar\u0161\u00ed autosalon v USA, kter\u00fd letos\u00a0 slav\u00ed&#8230;<\/p>\n","protected":false},"author":1,"featured_media":882,"comment_status":"open","ping_status":"open","sticky":false,"template":"","format":"standard","meta":{"footnotes":""},"categories":[20,13,6],"tags":[],"class_list":["post-881","post","type-post","status-publish","format-standard","has-post-thumbnail","hentry","category-media","category-novinari","category-vystavy"],"_links":{"self":[{"href":"https:\/\/www.klubmn.cz\/index.php?rest_route=\/wp\/v2\/posts\/881","targetHints":{"allow":["GET"]}}],"collection":[{"href":"https:\/\/www.klubmn.cz\/index.php?rest_route=\/wp\/v2\/posts"}],"about":[{"href":"https:\/\/www.klubmn.cz\/index.php?rest_route=\/wp\/v2\/types\/post"}],"author":[{"embeddable":true,"href":"https:\/\/www.klubmn.cz\/index.php?rest_route=\/wp\/v2\/users\/1"}],"replies":[{"embeddable":true,"href":"https:\/\/www.klubmn.cz\/index.php?rest_route=%2Fwp%2Fv2%2Fcomments&post=881"}],"version-history":[{"count":2,"href":"https:\/\/www.klubmn.cz\/index.php?rest_route=\/wp\/v2\/posts\/881\/revisions"}],"predecessor-version":[{"id":884,"href":"https:\/\/www.klubmn.cz\/index.php?rest_route=\/wp\/v2\/posts\/881\/revisions\/884"}],"wp:featuredmedia":[{"embeddable":true,"href":"https:\/\/www.klubmn.cz\/index.php?rest_route=\/wp\/v2\/media\/882"}],"wp:attachment":[{"href":"https:\/\/www.klubmn.cz\/index.php?rest_route=%2Fwp%2Fv2%2Fmedia&parent=881"}],"wp:term":[{"taxonomy":"category","embeddable":true,"href":"https:\/\/www.klubmn.cz\/index.php?rest_route=%2Fwp%2Fv2%2Fcategories&post=881"},{"taxonomy":"post_tag","embeddable":true,"href":"https:\/\/www.klubmn.cz\/index.php?rest_route=%2Fwp%2Fv2%2Ftags&post=881"}],"curies":[{"name":"wp","href":"https:\/\/api.w.org\/{rel}","templated":true}]}}