{"id":894,"date":"2025-04-23T13:54:03","date_gmt":"2025-04-23T13:54:03","guid":{"rendered":"https:\/\/www.klubmn.cz\/?p=894"},"modified":"2025-04-23T13:54:03","modified_gmt":"2025-04-23T13:54:03","slug":"jana-hanusova-potreti-sefkou-clfa","status":"publish","type":"post","link":"https:\/\/www.klubmn.cz\/?p=894","title":{"rendered":"Jana Hanu\u0161ov\u00e1 pot\u0159et\u00ed \u0161\u00e9fkou \u010cLFA"},"content":{"rendered":"<p><strong>P\u0159edstavenstvo \u010cesk\u00e9 leasingov\u00e9 a finan\u010dn\u00ed asociace (\u010cLFA) po skon\u010den\u00ed dvoulet\u00e9ho mand\u00e1tu volilo nov\u00e9ho p\u0159edsedu a m\u00edstop\u0159edsedy. Post p\u0159edsedkyn\u011b obh\u00e1jila na dal\u0161\u00ed, ji\u017e t\u0159et\u00ed, funk\u010dn\u00ed obdob\u00ed Jana Hanu\u0161ov\u00e1, gener\u00e1ln\u00ed \u0159editelka spole\u010dnosti ESSOX.<\/strong><span id=\"more-12671\"><\/span><!--more--><\/p>\n<p><strong> M\u00edstop\u0159edsedy z\u016fst\u00e1vaj\u00ed <\/strong><strong><b>Karel Nov\u00e1\u010dek<\/b><\/strong><strong>\u00a0(p\u0159edseda p\u0159edstavenstva Factoring \u010cesk\u00e9 spo\u0159itelny) a <\/strong><strong><b>Josef Vajsejtl<\/b><\/strong><strong>\u00a0(p\u0159edseda p\u0159edstavenstva \u010cSOB Leasing).<\/strong><\/p>\n<p>Ned\u00e1vn\u00e1 \u010dlensk\u00e1 sch\u016fze \u010cesk\u00e9 leasingov\u00e9 a finan\u010dn\u00ed asociace potvrdila i dal\u0161\u00ed \u010dty\u0159i \u010dleny staronov\u00e9ho p\u0159edstavenstva, a to <strong><b>Pavla Fo\u0159ta<\/b><\/strong>\u00a0(gener\u00e1ln\u00ed \u0159editel Ayvens), <strong><b>Lu\u010fka J\u00edr\u016f<\/b><\/strong>\u00a0(p\u0159edseda p\u0159edstavenstva Home Credit), <strong><b>Josefa Langmayera<\/b><\/strong>\u00a0(jednatel Raiffeisen-Leasing) a <strong><b>Jakuba St\u00e1rka<\/b><\/strong>\u00a0(p\u0159edseda p\u0159edstavenstva UniCredit Leasing).<\/p>\n<p><em><i>\u201eV\u00a0uplynul\u00fdch dvou letech se n\u00e1m da\u0159ilo plnit strategick\u00e9 c\u00edle \u010cLFA. P\u0159isp\u00edv\u00e1me k\u00a0rozvoji odpov\u011bdn\u00e9ho \u00fav\u011brov\u00e1n\u00ed a pom\u00e1h\u00e1me udr\u017eet smysluplnou m\u00edru regulace. Na n\u00e1rodn\u00ed i mezin\u00e1rodn\u00ed \u00farovni usilujeme o vytv\u00e1\u0159en\u00ed legislativn\u00edho prost\u0159ed\u00ed, kter\u00e9 neomezuje dostupnost finan\u010dn\u00edch slu\u017eeb pro spot\u0159ebitele ani podnikatele,\u201c<\/i><\/em>\u00a0uvedla Jana Hanu\u0161ov\u00e1.<\/p>\n<p>Mezi hlavn\u00ed c\u00edle p\u0159edstavenstva v\u00a0n\u00e1sleduj\u00edc\u00edm dvoulet\u00e9m funk\u010dn\u00edm obdob\u00ed bude pat\u0159it nap\u0159\u00edklad p\u0159\u00edprava z\u00e1kona o \u00fa\u010detnictv\u00ed a navazuj\u00edc\u00edch da\u0148ov\u00fdch z\u00e1kon\u016f, transpozice sm\u011brnice CCD2 do \u010desk\u00e9ho pr\u00e1vn\u00edho \u0159\u00e1du v\u010detn\u011b prosazov\u00e1n\u00ed jasn\u00fdch pravidel pro ov\u011b\u0159ov\u00e1n\u00ed \u00fav\u011bruschopnosti, pokra\u010dov\u00e1n\u00ed jedn\u00e1n\u00ed s MPO a M\u017dP p\u0159i p\u0159\u00edprav\u011b v\u00fdzev z podp\u016frn\u00fdch program\u016f, roz\u0161\u00ed\u0159en\u00ed spolupr\u00e1ce s Hospod\u00e1\u0159skou komorou a rovn\u011b\u017e pos\u00edlen\u00ed vlivu na tvorbu evropsk\u00e9 legislativy.<\/p>\n<p>\u010cesk\u00e1 leasingov\u00e1 a finan\u010dn\u00ed asociace zastupuje majoritu specializovan\u00e9ho \u00fav\u011brov\u00e9ho trhu (mimo bankovn\u00ed sektor). Souhrnn\u00e9 pohled\u00e1vky \u010dlensk\u00fdch spole\u010dnost\u00ed \u010cLFA z b\u011b\u017e\u00edc\u00edch leasingov\u00fdch a \u00fav\u011brov\u00fdch smluv ke konci roku 2024 p\u0159es\u00e1hly 332 miliard K\u010d.<\/p>\n<p>V oblasti podnikatelsk\u00e9ho financov\u00e1n\u00ed reprezentuj\u00ed \u010dlensk\u00e9 spole\u010dnosti \u010cLFA 86 % finan\u010dn\u00edho trhu v\u00a0\u010cesku, u\u00a0spot\u0159ebitelsk\u00e9ho financov\u00e1n\u00ed jde o 83 % trhu. U factoringu dosahuje pod\u00edl \u010dlensk\u00fdch spole\u010dnost\u00ed dokonce 95 % trhu.<\/p>\n<p><strong>Zdroj: \u010cLFA<\/strong><\/p>\n<p><strong>\u00a0<\/strong><\/p>\n","protected":false},"excerpt":{"rendered":"<p>P\u0159edstavenstvo \u010cesk\u00e9 leasingov\u00e9 a finan\u010dn\u00ed asociace (\u010cLFA) po skon\u010den\u00ed dvoulet\u00e9ho mand\u00e1tu volilo nov\u00e9ho p\u0159edsedu a&#8230;<\/p>\n","protected":false},"author":1,"featured_media":895,"comment_status":"open","ping_status":"open","sticky":false,"template":"","format":"standard","meta":{"footnotes":""},"categories":[30,11],"tags":[],"class_list":["post-894","post","type-post","status-publish","format-standard","has-post-thumbnail","hentry","category-management","category-personalie"],"_links":{"self":[{"href":"https:\/\/www.klubmn.cz\/index.php?rest_route=\/wp\/v2\/posts\/894","targetHints":{"allow":["GET"]}}],"collection":[{"href":"https:\/\/www.klubmn.cz\/index.php?rest_route=\/wp\/v2\/posts"}],"about":[{"href":"https:\/\/www.klubmn.cz\/index.php?rest_route=\/wp\/v2\/types\/post"}],"author":[{"embeddable":true,"href":"https:\/\/www.klubmn.cz\/index.php?rest_route=\/wp\/v2\/users\/1"}],"replies":[{"embeddable":true,"href":"https:\/\/www.klubmn.cz\/index.php?rest_route=%2Fwp%2Fv2%2Fcomments&post=894"}],"version-history":[{"count":2,"href":"https:\/\/www.klubmn.cz\/index.php?rest_route=\/wp\/v2\/posts\/894\/revisions"}],"predecessor-version":[{"id":897,"href":"https:\/\/www.klubmn.cz\/index.php?rest_route=\/wp\/v2\/posts\/894\/revisions\/897"}],"wp:featuredmedia":[{"embeddable":true,"href":"https:\/\/www.klubmn.cz\/index.php?rest_route=\/wp\/v2\/media\/895"}],"wp:attachment":[{"href":"https:\/\/www.klubmn.cz\/index.php?rest_route=%2Fwp%2Fv2%2Fmedia&parent=894"}],"wp:term":[{"taxonomy":"category","embeddable":true,"href":"https:\/\/www.klubmn.cz\/index.php?rest_route=%2Fwp%2Fv2%2Fcategories&post=894"},{"taxonomy":"post_tag","embeddable":true,"href":"https:\/\/www.klubmn.cz\/index.php?rest_route=%2Fwp%2Fv2%2Ftags&post=894"}],"curies":[{"name":"wp","href":"https:\/\/api.w.org\/{rel}","templated":true}]}}