{"id":903,"date":"2025-04-24T10:18:37","date_gmt":"2025-04-24T10:18:37","guid":{"rendered":"https:\/\/www.klubmn.cz\/?p=903"},"modified":"2025-04-24T10:18:37","modified_gmt":"2025-04-24T10:18:37","slug":"cupra-terramar-radila-pod-karlovym-mostem","status":"publish","type":"post","link":"https:\/\/www.klubmn.cz\/?p=903","title":{"rendered":"CUPRA Terramar \u0159\u00e1dila pod Karlov\u00fdm mostem"},"content":{"rendered":"<p><strong>Na Vltav\u011b bylo tento t\u00fdden vid\u011bt z Karlova mostu zvl\u00e1\u0161tn\u00ed plavidlo, plovouc\u00ed auto z d\u00edlny zna\u010dky CUPRA. \u0160lo o marketingovou podporu modelu Terramar, kter\u00fd se plavil na speci\u00e1ln\u00edm pr\u00e1mu mezi Hergetovou cihelnou a Karlov\u00fdm mostem.<\/strong><span id=\"more-12689\"><\/span><!--more--><\/p>\n<p>CUPRA je sponzorem jachta\u0159sk\u00e9ho <strong>Poh\u00e1ru Ameriky<\/strong> a tak vymyslela neobvyklou v\u011bc, plovouc\u00ed pr\u00e1m pro model Terramar. Jde o trimaran s 1,7 metru hlubok\u00fdm k\u00fdlem, kter\u00fd je napln\u011bn\u00fd tunou olova.<\/p>\n<p><img loading=\"lazy\" decoding=\"async\" class=\"alignnone size-medium wp-image-12697\" src=\"http:\/\/www.automakers.cz\/wp-content\/uploads\/2025\/04\/Cupra-Terramar-motor-pram-900x506.jpg\" sizes=\"auto, (max-width: 900px) 100vw, 900px\" srcset=\"https:\/\/www.automakers.cz\/wp-content\/uploads\/2025\/04\/Cupra-Terramar-motor-pram-900x506.jpg 900w, https:\/\/www.automakers.cz\/wp-content\/uploads\/2025\/04\/Cupra-Terramar-motor-pram-1024x576.jpg 1024w, https:\/\/www.automakers.cz\/wp-content\/uploads\/2025\/04\/Cupra-Terramar-motor-pram-768x432.jpg 768w, https:\/\/www.automakers.cz\/wp-content\/uploads\/2025\/04\/Cupra-Terramar-motor-pram-1536x864.jpg 1536w, https:\/\/www.automakers.cz\/wp-content\/uploads\/2025\/04\/Cupra-Terramar-motor-pram-1280x720.jpg 1280w, https:\/\/www.automakers.cz\/wp-content\/uploads\/2025\/04\/Cupra-Terramar-motor-pram.jpg 2040w\" alt=\"\" width=\"900\" height=\"506\" \/><strong>Kormidlo i motor plavidla CUPRA Floating Terramar lze ovl\u00e1dat p\u0159\u00edmo z auta a tento vor je d\u00edky k\u00fdlu schopn\u00fd plavby i po mo\u0159i.<\/strong><\/p>\n<p><img loading=\"lazy\" decoding=\"async\" class=\"alignnone size-medium wp-image-12698\" src=\"http:\/\/www.automakers.cz\/wp-content\/uploads\/2025\/04\/Terramar-kampa-098-21-900x600.jpg\" alt=\"\" width=\"900\" height=\"600\" \/><strong>\u010cesk\u00fd import zna\u010dky CUPRA zajistil plavebn\u00ed zkou\u0161ku trimar\u00e1nu i pro Vltavu a tak se mohl Terramar uk\u00e1zat i pod Karlov\u00fdm mostem.<\/strong><\/p>\n<p><img loading=\"lazy\" decoding=\"async\" class=\"alignnone size-medium wp-image-12708\" src=\"http:\/\/www.automakers.cz\/wp-content\/uploads\/2025\/04\/Cupra-most-parnik-zrcatko-900x506.jpg\" sizes=\"auto, (max-width: 900px) 100vw, 900px\" srcset=\"https:\/\/www.automakers.cz\/wp-content\/uploads\/2025\/04\/Cupra-most-parnik-zrcatko-900x506.jpg 900w, https:\/\/www.automakers.cz\/wp-content\/uploads\/2025\/04\/Cupra-most-parnik-zrcatko-1024x576.jpg 1024w, https:\/\/www.automakers.cz\/wp-content\/uploads\/2025\/04\/Cupra-most-parnik-zrcatko-768x432.jpg 768w, https:\/\/www.automakers.cz\/wp-content\/uploads\/2025\/04\/Cupra-most-parnik-zrcatko-1536x864.jpg 1536w, https:\/\/www.automakers.cz\/wp-content\/uploads\/2025\/04\/Cupra-most-parnik-zrcatko-1280x720.jpg 1280w, https:\/\/www.automakers.cz\/wp-content\/uploads\/2025\/04\/Cupra-most-parnik-zrcatko.jpg 2040w\" alt=\"\" width=\"900\" height=\"506\" \/><strong>Nutnost \u010desk\u00e9 plavebn\u00ed zkou\u0161ky<\/strong><\/p>\n<p>\u201eZm\u00edn\u011bn\u00e1 plavebn\u00ed zkou\u0161ka nebyla velk\u00fdm probl\u00e9mem, sta\u010dilo asi p\u016flhodinov\u00e9 ov\u011b\u0159en\u00ed schopnost\u00ed voru plout mezi pra\u017esk\u00fdmi parn\u00edky,\u201c \u0159ekl na\u0161emu \u010dasopisu PR mana\u017eer zna\u010dky <strong>Filip Stoulil.<\/strong><\/p>\n<p><img loading=\"lazy\" decoding=\"async\" class=\"alignnone size-medium wp-image-12699\" src=\"http:\/\/www.automakers.cz\/wp-content\/uploads\/2025\/04\/Cupra-Vltava-parnik-900x506.jpg\" sizes=\"auto, (max-width: 900px) 100vw, 900px\" srcset=\"https:\/\/www.automakers.cz\/wp-content\/uploads\/2025\/04\/Cupra-Vltava-parnik-900x506.jpg 900w, https:\/\/www.automakers.cz\/wp-content\/uploads\/2025\/04\/Cupra-Vltava-parnik-1024x576.jpg 1024w, https:\/\/www.automakers.cz\/wp-content\/uploads\/2025\/04\/Cupra-Vltava-parnik-768x432.jpg 768w, https:\/\/www.automakers.cz\/wp-content\/uploads\/2025\/04\/Cupra-Vltava-parnik-1536x864.jpg 1536w, https:\/\/www.automakers.cz\/wp-content\/uploads\/2025\/04\/Cupra-Vltava-parnik-1280x720.jpg 1280w, https:\/\/www.automakers.cz\/wp-content\/uploads\/2025\/04\/Cupra-Vltava-parnik.jpg 2040w\" alt=\"\" width=\"900\" height=\"506\" \/><\/p>\n<p>Hor\u0161\u00ed to bylo s povolen\u00edm pro p\u0159ist\u00e1vac\u00ed molo v Praze, fascikl t\u011bchto povolen\u00ed pro pr\u00e1m u Hergetovy cihelny m\u00e1 podle Filipa Stoulila asi dvacet centimetr\u016f \u0161\u00ed\u0159ky.<\/p>\n<p><img loading=\"lazy\" decoding=\"async\" class=\"alignnone size-medium wp-image-12702\" src=\"http:\/\/www.automakers.cz\/wp-content\/uploads\/2025\/04\/Cupra-molo-cihelna-900x506.jpg\" sizes=\"auto, (max-width: 900px) 100vw, 900px\" srcset=\"https:\/\/www.automakers.cz\/wp-content\/uploads\/2025\/04\/Cupra-molo-cihelna-900x506.jpg 900w, https:\/\/www.automakers.cz\/wp-content\/uploads\/2025\/04\/Cupra-molo-cihelna-1024x576.jpg 1024w, https:\/\/www.automakers.cz\/wp-content\/uploads\/2025\/04\/Cupra-molo-cihelna-768x432.jpg 768w, https:\/\/www.automakers.cz\/wp-content\/uploads\/2025\/04\/Cupra-molo-cihelna-1536x864.jpg 1536w, https:\/\/www.automakers.cz\/wp-content\/uploads\/2025\/04\/Cupra-molo-cihelna-1280x720.jpg 1280w, https:\/\/www.automakers.cz\/wp-content\/uploads\/2025\/04\/Cupra-molo-cihelna.jpg 2040w\" alt=\"\" width=\"900\" height=\"506\" \/><strong>Terramar \u2013 pokus o pr\u016fnik do luxusn\u00edch sf\u00e9r<\/strong><\/p>\n<p>CUPRA p\u0159edstavuje Terramar jako protagonistu nov\u00e9 \u00e9ry, sportovn\u00ed SUV m\u00e1 posunout zna\u010dku do luxusn\u011bj\u0161\u00edch sf\u00e9r trhu.<\/p>\n<p><img loading=\"lazy\" decoding=\"async\" class=\"alignnone size-medium wp-image-12692\" src=\"http:\/\/www.automakers.cz\/wp-content\/uploads\/2025\/04\/CUPRA-Terramar-Vltava-1-900x506.jpg\" sizes=\"auto, (max-width: 900px) 100vw, 900px\" srcset=\"https:\/\/www.automakers.cz\/wp-content\/uploads\/2025\/04\/CUPRA-Terramar-Vltava-1-900x506.jpg 900w, https:\/\/www.automakers.cz\/wp-content\/uploads\/2025\/04\/CUPRA-Terramar-Vltava-1-1024x576.jpg 1024w, https:\/\/www.automakers.cz\/wp-content\/uploads\/2025\/04\/CUPRA-Terramar-Vltava-1-768x432.jpg 768w, https:\/\/www.automakers.cz\/wp-content\/uploads\/2025\/04\/CUPRA-Terramar-Vltava-1-1536x864.jpg 1536w, https:\/\/www.automakers.cz\/wp-content\/uploads\/2025\/04\/CUPRA-Terramar-Vltava-1-1280x720.jpg 1280w, https:\/\/www.automakers.cz\/wp-content\/uploads\/2025\/04\/CUPRA-Terramar-Vltava-1.jpg 2040w\" alt=\"\" width=\"900\" height=\"506\" \/>Premi\u00e9ru modelu CUPRA Terramar v\u00a0z\u00e1\u0159\u00ed 2024 umocnila exkluzivn\u00ed verze <strong>America\u2019s Cup Limited Edition<\/strong>. CUPRA vyrobila pouh\u00fdch 1337 t\u011bchto voz\u016f s\u00a0jedine\u010dn\u00fdm designem a stylistick\u00fdmi prvky.<\/p>\n<p><img loading=\"lazy\" decoding=\"async\" class=\"alignnone size-medium wp-image-12704\" src=\"http:\/\/www.automakers.cz\/wp-content\/uploads\/2025\/04\/CUPRA-Terramar-Hergetova-cihelna-900x506.jpg\" sizes=\"auto, (max-width: 900px) 100vw, 900px\" srcset=\"https:\/\/www.automakers.cz\/wp-content\/uploads\/2025\/04\/CUPRA-Terramar-Hergetova-cihelna-900x506.jpg 900w, https:\/\/www.automakers.cz\/wp-content\/uploads\/2025\/04\/CUPRA-Terramar-Hergetova-cihelna-1024x576.jpg 1024w, https:\/\/www.automakers.cz\/wp-content\/uploads\/2025\/04\/CUPRA-Terramar-Hergetova-cihelna-768x432.jpg 768w, https:\/\/www.automakers.cz\/wp-content\/uploads\/2025\/04\/CUPRA-Terramar-Hergetova-cihelna-1536x864.jpg 1536w, https:\/\/www.automakers.cz\/wp-content\/uploads\/2025\/04\/CUPRA-Terramar-Hergetova-cihelna-1280x720.jpg 1280w, https:\/\/www.automakers.cz\/wp-content\/uploads\/2025\/04\/CUPRA-Terramar-Hergetova-cihelna.jpg 2040w\" alt=\"\" width=\"900\" height=\"506\" \/>Model CUPRA Terramar byl navr\u017een a vyvinut v\u00a0Barcelon\u011b a je vyr\u00e1b\u011bn v\u00a0tov\u00e1rn\u011b Audi v\u00a0ma\u010farsk\u00e9m <strong>Gy\u0151ru<\/strong>. Prvn\u00ed vozy byly z\u00e1kazn\u00edk\u016fm p\u0159ed\u00e1ny v\u00a0posledn\u00edm \u010dtvrtlet\u00ed 2024.<\/p>\n<p><strong>Erich Handl, Mal\u00e1 Strana, FOTO: CUPRA a autor<\/strong><\/p>\n<p><iframe loading=\"lazy\" id=\"_ytid_89626\" class=\"__youtube_prefs__  epyt-is-override  no-lazyload\" title=\"CUPRA Terramar na Vltave\" src=\"https:\/\/www.youtube.com\/embed\/JoESg5HHHXM?enablejsapi=1&amp;autoplay=0&amp;cc_load_policy=0&amp;cc_lang_pref=&amp;iv_load_policy=1&amp;loop=0&amp;modestbranding=0&amp;rel=1&amp;fs=1&amp;playsinline=0&amp;autohide=2&amp;theme=dark&amp;color=red&amp;controls=1&amp;\" width=\"640\" height=\"360\" allowfullscreen=\"allowfullscreen\" data-origwidth=\"640\" data-origheight=\"360\" data-no-lazy=\"1\" data-skipgform_ajax_framebjll=\"\" data-mce-fragment=\"1\"><\/iframe><\/p>\n<div class=\"heateor_sss_sharing_container heateor_sss_vertical_sharing heateor_sss_bottom_sharing\" data-heateor-sss-href=\"https:\/\/www.automakers.cz\/?p=12689\"><\/div>\n","protected":false},"excerpt":{"rendered":"<p>Na Vltav\u011b bylo tento t\u00fdden vid\u011bt z Karlova mostu zvl\u00e1\u0161tn\u00ed plavidlo, plovouc\u00ed auto z d\u00edlny&#8230;<\/p>\n","protected":false},"author":1,"featured_media":904,"comment_status":"open","ping_status":"open","sticky":false,"template":"","format":"standard","meta":{"footnotes":""},"categories":[14,9,28],"tags":[],"class_list":["post-903","post","type-post","status-publish","format-standard","has-post-thumbnail","hentry","category-eventy","category-testy","category-video"],"_links":{"self":[{"href":"https:\/\/www.klubmn.cz\/index.php?rest_route=\/wp\/v2\/posts\/903","targetHints":{"allow":["GET"]}}],"collection":[{"href":"https:\/\/www.klubmn.cz\/index.php?rest_route=\/wp\/v2\/posts"}],"about":[{"href":"https:\/\/www.klubmn.cz\/index.php?rest_route=\/wp\/v2\/types\/post"}],"author":[{"embeddable":true,"href":"https:\/\/www.klubmn.cz\/index.php?rest_route=\/wp\/v2\/users\/1"}],"replies":[{"embeddable":true,"href":"https:\/\/www.klubmn.cz\/index.php?rest_route=%2Fwp%2Fv2%2Fcomments&post=903"}],"version-history":[{"count":2,"href":"https:\/\/www.klubmn.cz\/index.php?rest_route=\/wp\/v2\/posts\/903\/revisions"}],"predecessor-version":[{"id":906,"href":"https:\/\/www.klubmn.cz\/index.php?rest_route=\/wp\/v2\/posts\/903\/revisions\/906"}],"wp:featuredmedia":[{"embeddable":true,"href":"https:\/\/www.klubmn.cz\/index.php?rest_route=\/wp\/v2\/media\/904"}],"wp:attachment":[{"href":"https:\/\/www.klubmn.cz\/index.php?rest_route=%2Fwp%2Fv2%2Fmedia&parent=903"}],"wp:term":[{"taxonomy":"category","embeddable":true,"href":"https:\/\/www.klubmn.cz\/index.php?rest_route=%2Fwp%2Fv2%2Fcategories&post=903"},{"taxonomy":"post_tag","embeddable":true,"href":"https:\/\/www.klubmn.cz\/index.php?rest_route=%2Fwp%2Fv2%2Ftags&post=903"}],"curies":[{"name":"wp","href":"https:\/\/api.w.org\/{rel}","templated":true}]}}