{"id":945,"date":"2025-05-13T09:40:33","date_gmt":"2025-05-13T09:40:33","guid":{"rendered":"https:\/\/www.klubmn.cz\/?p=945"},"modified":"2025-05-13T09:40:33","modified_gmt":"2025-05-13T09:40:33","slug":"cupra-padel-press-day-ovladl-tym-autosalonu-prima","status":"publish","type":"post","link":"https:\/\/www.klubmn.cz\/?p=945","title":{"rendered":"CUPRA Padel Press Day ovl\u00e1dl t\u00fdm Autosalonu Prima"},"content":{"rendered":"<p><strong>Kurty sm\u00edchovsk\u00e9ho are\u00e1lu Padel Powers hostily 3. ro\u010dn\u00edk turnaje CUPRA Padel Press Day. O titul nejlep\u0161\u00edho padelov\u00e9ho t\u00fdmu se utkaly t\u00fdmy slo\u017een\u00e9 z n\u011bkolika des\u00edtek motoristick\u00fdch redakc\u00ed. Zlato z\u00edskal op\u011bt t\u00fdm Autosalonu Prima.<\/strong><span id=\"more-13109\"><\/span><!--more--><\/p>\n<p>CUPRA se letos stala hlavn\u00edm n\u00e1rodn\u00edm partnerem resortu Padel Powers, kter\u00fd v b\u0159eznu otev\u0159el v Praze svou prvn\u00ed velkou krytou ar\u00e9nu. Sm\u00edchovsk\u00e9 centrum Padel Powers je nejv\u011bt\u0161\u00ed padelovou ar\u00e9nou v \u010cR a hr\u00e1\u010d\u016fm v\u0161ech \u00farovn\u00ed nab\u00edz\u00ed s podporou zna\u010dky z\u00e1zem\u00ed.<br \/>\n<span id=\"more-11382\"><\/span><\/p>\n<p><strong>Navr\u00e1til: Padel Powers nastavily nov\u00fd standard<\/strong><\/p>\n<p>\u201ePadel je dynamick\u00fd sport, kter\u00fd sd\u00edl\u00ed stejnou filozofii jako CUPRA \u2013 padelovou komunitu stmeluje v\u00e1\u0161e\u0148 pro sportovn\u00ed v\u00fdkony na k\u0159\u00eddlech sout\u011b\u017eivosti, touhy po rychlosti a intenzivn\u00edch emoc\u00edch. Padel je CUPRA a CUPRA je padel. Jsme hrd\u00ed, \u017ee jako pr\u016fkopn\u00edk glob\u00e1ln\u00ed padelov\u00e9 revoluce m\u016f\u017eeme b\u00fdt sou\u010d\u00e1st\u00ed projektu Padel Powers, kter\u00fd nastavuje nov\u00fd standard pro tento sport v \u010cesk\u00e9 republice,\u201c uvedl Tom\u00e1\u0161 Navr\u00e1til, vedouc\u00ed divize CUPRA spole\u010dnosti Porsche \u010cesk\u00e1 republika.<\/p>\n<p><img loading=\"lazy\" decoding=\"async\" class=\"alignnone size-medium wp-image-13117\" src=\"http:\/\/www.automakers.cz\/wp-content\/uploads\/2025\/05\/Padel-Cupra-Navratil-900x506.jpg\" sizes=\"auto, (max-width: 900px) 100vw, 900px\" srcset=\"https:\/\/www.automakers.cz\/wp-content\/uploads\/2025\/05\/Padel-Cupra-Navratil-900x506.jpg 900w, https:\/\/www.automakers.cz\/wp-content\/uploads\/2025\/05\/Padel-Cupra-Navratil-1024x576.jpg 1024w, https:\/\/www.automakers.cz\/wp-content\/uploads\/2025\/05\/Padel-Cupra-Navratil-768x432.jpg 768w, https:\/\/www.automakers.cz\/wp-content\/uploads\/2025\/05\/Padel-Cupra-Navratil-1536x864.jpg 1536w, https:\/\/www.automakers.cz\/wp-content\/uploads\/2025\/05\/Padel-Cupra-Navratil-1280x720.jpg 1280w, https:\/\/www.automakers.cz\/wp-content\/uploads\/2025\/05\/Padel-Cupra-Navratil.jpg 2048w\" alt=\"\" width=\"900\" height=\"506\" \/><strong>T\u0159et\u00ed ro\u010dn\u00edk novin\u00e1\u0159sk\u00e9ho turnaje<\/strong><\/p>\n<p>Novin\u00e1\u0159sk\u00fd turnaj v padelu se letos konal u\u017e ve t\u0159et\u00edm ro\u010dn\u00edku, p\u0159edchoz\u00ed dv\u011b akce hostily kurty Slavie Praha. Prvn\u00ed ro\u010dn\u00edk ovl\u00e1dl po tvrd\u00e9m boji <strong>p\u00e1r Erich Handl (AUTOmakers), Tom\u00e1\u0161 Urban, <\/strong>pak u\u017e ale za\u010dala novin\u00e1\u0159sk\u00e9mu padelu vl\u00e1dnout<strong> rodina B\u011bhal\u016f. <\/strong><\/p>\n<p>Loni se nejv\u00edce da\u0159ilo t\u00fdmu<strong> Autosalon Prima ve slo\u017een\u00ed Ond\u0159ej B\u011bhal a Bart B\u011bhal, <\/strong>letos pro zm\u011bnu zv\u00edt\u011bzil t\u00fdm <strong>Autosalonu veden\u00fd Robinem B\u011bhalem. <\/strong>Na druh\u00e9m m\u00edst\u011b skon\u010dil man\u010daft redakce <strong>CNC kapit\u00e1novan\u00fd Davidem \u0160princlem, bronz bere dvojice Michal \u017d\u010f\u00e1rsk\u00fd (Flotila) a Jan Bla\u017eek.<\/strong><\/p>\n<p>Ceny v\u00edt\u011bz\u016fm p\u0159edali \u0161\u00e9f Cupry <strong>Tom\u00e1\u0161 Navr\u00e1til<\/strong> (vlevo) a PR mana\u017eer zna\u010dky<strong> Filip Stoulil<\/strong> (vpravo)<\/p>\n<p><img loading=\"lazy\" decoding=\"async\" class=\"alignnone size-medium wp-image-13118\" src=\"http:\/\/www.automakers.cz\/wp-content\/uploads\/2025\/05\/Padel-Cupra-vitezove-900x600.jpg\" sizes=\"auto, (max-width: 900px) 100vw, 900px\" srcset=\"https:\/\/www.automakers.cz\/wp-content\/uploads\/2025\/05\/Padel-Cupra-vitezove-900x600.jpg 900w, https:\/\/www.automakers.cz\/wp-content\/uploads\/2025\/05\/Padel-Cupra-vitezove-1024x683.jpg 1024w, https:\/\/www.automakers.cz\/wp-content\/uploads\/2025\/05\/Padel-Cupra-vitezove-768x512.jpg 768w, https:\/\/www.automakers.cz\/wp-content\/uploads\/2025\/05\/Padel-Cupra-vitezove-1536x1024.jpg 1536w, https:\/\/www.automakers.cz\/wp-content\/uploads\/2025\/05\/Padel-Cupra-vitezove-2048x1365.jpg 2048w\" alt=\"\" width=\"900\" height=\"600\" \/><strong>CUPRA jako hlavn\u00ed reklamn\u00ed partner padelu<\/strong><\/p>\n<p>\u010cesk\u00e9 zastoupen\u00ed zna\u010dky CUPRA se stalo reklamn\u00edm partnerem \u010desk\u00e9ho reprezenta\u010dn\u00edho t\u00fdmu mu\u017e\u016f a t\u00fdmu \u017een na mistrovstv\u00ed Evropy v padelu ve \u0161pan\u011blsk\u00e9m Bilbau u\u017e v roce 2021 a v z\u00e1v\u011bru roku 2022 definitivn\u011b spojilo sv\u00e9 s\u00edly s \u010ceskou padelovou federac\u00ed jako jej\u00ed hlavn\u00ed partner.<\/p>\n<p><img loading=\"lazy\" decoding=\"async\" class=\"alignnone size-medium wp-image-13120\" src=\"http:\/\/www.automakers.cz\/wp-content\/uploads\/2025\/05\/Padel-CUPRA-Handl-sit-900x600.jpg\" sizes=\"auto, (max-width: 900px) 100vw, 900px\" srcset=\"https:\/\/www.automakers.cz\/wp-content\/uploads\/2025\/05\/Padel-CUPRA-Handl-sit-900x600.jpg 900w, https:\/\/www.automakers.cz\/wp-content\/uploads\/2025\/05\/Padel-CUPRA-Handl-sit-1024x683.jpg 1024w, https:\/\/www.automakers.cz\/wp-content\/uploads\/2025\/05\/Padel-CUPRA-Handl-sit-768x512.jpg 768w, https:\/\/www.automakers.cz\/wp-content\/uploads\/2025\/05\/Padel-CUPRA-Handl-sit-1536x1024.jpg 1536w, https:\/\/www.automakers.cz\/wp-content\/uploads\/2025\/05\/Padel-CUPRA-Handl-sit-2048x1365.jpg 2048w\" alt=\"\" width=\"900\" height=\"600\" \/>CUPRA bude ve sm\u00edchovsk\u00e9 ar\u00e9n\u011b Padel Powers p\u0159\u00edtomna nejen prost\u0159ednictv\u00edm nep\u0159ehl\u00e9dnuteln\u00e9ho brandingu, ale tak\u00e9 aktivn\u00ed \u00fa\u010dast\u00ed na turnaj\u00edch a dal\u0161\u00edch akc\u00edch. Hr\u00e1\u010di a fanou\u0161ci padelu maj\u00ed na Sm\u00edchov\u011b k dispozici kryt\u00e9 kurty, bar, padel shop a z\u00e1zem\u00ed v industri\u00e1ln\u00edm duchu. V r\u00e1mci partnerstv\u00ed byl v padelov\u00e9 ar\u00e9n\u011b z\u0159\u00edzen exkluzivn\u00ed prostor CUPRA Lounge jako \u00fatuln\u00e9 m\u00edsto ur\u010den\u00e9 k odpo\u010dinku a setk\u00e1v\u00e1n\u00ed hr\u00e1\u010d\u016f, jeho\u017e atmosf\u00e9ra odpov\u00edd\u00e1 progresivn\u00edmu charakteru t\u00e9to automobilov\u00e9 zna\u010dky.<\/p>\n<p><img loading=\"lazy\" decoding=\"async\" class=\"alignnone size-medium wp-image-13119\" src=\"http:\/\/www.automakers.cz\/wp-content\/uploads\/2025\/05\/Padel-Cupra-Dittrich-Blazek-900x600.jpg\" sizes=\"auto, (max-width: 900px) 100vw, 900px\" srcset=\"https:\/\/www.automakers.cz\/wp-content\/uploads\/2025\/05\/Padel-Cupra-Dittrich-Blazek-900x600.jpg 900w, https:\/\/www.automakers.cz\/wp-content\/uploads\/2025\/05\/Padel-Cupra-Dittrich-Blazek-1024x683.jpg 1024w, https:\/\/www.automakers.cz\/wp-content\/uploads\/2025\/05\/Padel-Cupra-Dittrich-Blazek-768x512.jpg 768w, https:\/\/www.automakers.cz\/wp-content\/uploads\/2025\/05\/Padel-Cupra-Dittrich-Blazek-1536x1024.jpg 1536w, https:\/\/www.automakers.cz\/wp-content\/uploads\/2025\/05\/Padel-Cupra-Dittrich-Blazek-2048x1365.jpg 2048w\" alt=\"\" width=\"900\" height=\"600\" \/>CUPRA a Padel Powers nav\u00edc spole\u010dn\u011b pl\u00e1nuj\u00ed \u0159adu aktivit, kter\u00e9 podpo\u0159\u00ed dal\u0161\u00ed rozvoj padelu v \u010cesk\u00e9 republice.<\/p>\n<p><strong>\u00a0\u201eNa\u0161\u00ed viz\u00ed je vybudovat kolem padelu po\u010detnou komunitu a p\u0159ibl\u00ed\u017eit tento sport co nej\u0161ir\u0161\u00ed ve\u0159ejnosti. Partnerstv\u00ed se zna\u010dkou CUPRA n\u00e1m umo\u017en\u00ed pozvednout na\u0161e aktivity na novou \u00farove\u0148,\u201c<\/strong>\u00a0vysv\u011btluje Vojt\u011bch Va\u0161ek, zakladatel spole\u010dnosti Padel Powers.<\/p>\n<p><strong>Erich Handl, Sm\u00edchov<\/strong><\/p>\n<p><img loading=\"lazy\" decoding=\"async\" class=\"alignnone size-medium wp-image-13116\" src=\"http:\/\/www.automakers.cz\/wp-content\/uploads\/2025\/05\/Handl-Hanke-padel-rakety-600x900.jpg\" sizes=\"auto, (max-width: 600px) 100vw, 600px\" srcset=\"https:\/\/www.automakers.cz\/wp-content\/uploads\/2025\/05\/Handl-Hanke-padel-rakety-600x900.jpg 600w, https:\/\/www.automakers.cz\/wp-content\/uploads\/2025\/05\/Handl-Hanke-padel-rakety-683x1024.jpg 683w, https:\/\/www.automakers.cz\/wp-content\/uploads\/2025\/05\/Handl-Hanke-padel-rakety-768x1152.jpg 768w, https:\/\/www.automakers.cz\/wp-content\/uploads\/2025\/05\/Handl-Hanke-padel-rakety-1024x1536.jpg 1024w, https:\/\/www.automakers.cz\/wp-content\/uploads\/2025\/05\/Handl-Hanke-padel-rakety-1365x2048.jpg 1365w, https:\/\/www.automakers.cz\/wp-content\/uploads\/2025\/05\/Handl-Hanke-padel-rakety-scaled.jpg 1707w\" alt=\"\" width=\"600\" height=\"900\" \/><\/p>\n<div class=\"heateor_sss_sharing_container heateor_sss_vertical_sharing heateor_sss_bottom_sharing\" data-heateor-sss-href=\"https:\/\/www.automakers.cz\/?p=13109\"><\/div>\n","protected":false},"excerpt":{"rendered":"<p>Kurty sm\u00edchovsk\u00e9ho are\u00e1lu Padel Powers hostily 3. ro\u010dn\u00edk turnaje CUPRA Padel Press Day. O titul&#8230;<\/p>\n","protected":false},"author":1,"featured_media":946,"comment_status":"open","ping_status":"open","sticky":false,"template":"","format":"standard","meta":{"footnotes":""},"categories":[14,20,13],"tags":[],"class_list":["post-945","post","type-post","status-publish","format-standard","has-post-thumbnail","hentry","category-eventy","category-media","category-novinari"],"_links":{"self":[{"href":"https:\/\/www.klubmn.cz\/index.php?rest_route=\/wp\/v2\/posts\/945","targetHints":{"allow":["GET"]}}],"collection":[{"href":"https:\/\/www.klubmn.cz\/index.php?rest_route=\/wp\/v2\/posts"}],"about":[{"href":"https:\/\/www.klubmn.cz\/index.php?rest_route=\/wp\/v2\/types\/post"}],"author":[{"embeddable":true,"href":"https:\/\/www.klubmn.cz\/index.php?rest_route=\/wp\/v2\/users\/1"}],"replies":[{"embeddable":true,"href":"https:\/\/www.klubmn.cz\/index.php?rest_route=%2Fwp%2Fv2%2Fcomments&post=945"}],"version-history":[{"count":2,"href":"https:\/\/www.klubmn.cz\/index.php?rest_route=\/wp\/v2\/posts\/945\/revisions"}],"predecessor-version":[{"id":948,"href":"https:\/\/www.klubmn.cz\/index.php?rest_route=\/wp\/v2\/posts\/945\/revisions\/948"}],"wp:featuredmedia":[{"embeddable":true,"href":"https:\/\/www.klubmn.cz\/index.php?rest_route=\/wp\/v2\/media\/946"}],"wp:attachment":[{"href":"https:\/\/www.klubmn.cz\/index.php?rest_route=%2Fwp%2Fv2%2Fmedia&parent=945"}],"wp:term":[{"taxonomy":"category","embeddable":true,"href":"https:\/\/www.klubmn.cz\/index.php?rest_route=%2Fwp%2Fv2%2Fcategories&post=945"},{"taxonomy":"post_tag","embeddable":true,"href":"https:\/\/www.klubmn.cz\/index.php?rest_route=%2Fwp%2Fv2%2Ftags&post=945"}],"curies":[{"name":"wp","href":"https:\/\/api.w.org\/{rel}","templated":true}]}}