{"id":950,"date":"2025-05-15T10:41:28","date_gmt":"2025-05-15T10:41:28","guid":{"rendered":"https:\/\/www.klubmn.cz\/?p=950"},"modified":"2025-05-15T10:41:28","modified_gmt":"2025-05-15T10:41:28","slug":"prvni-novinarske-jizdy-s-elektrickym-fordem-puma-gen-e","status":"publish","type":"post","link":"https:\/\/www.klubmn.cz\/?p=950","title":{"rendered":"Prvn\u00ed novin\u00e1\u0159sk\u00e9 j\u00edzdy s elektrick\u00fdm Fordem Puma Gen-E"},"content":{"rendered":"<p class=\"v1MsoNormal\"><strong>Novin\u00e1\u0159i\u00a0 absolvovali 12. kv\u011btna prvn\u00ed dynamickou \u010deskou akci modr\u00e9ho ov\u00e1lu v leto\u0161n\u00edm roce. Testy elektrick\u00e9ho Fordu Puma Gen-E se odehr\u00e1ly na trase O\u0159ech \u2013 \u0160t\u011bchovice \u2013 Slapy, kde se konala outdoorov\u00e1 technick\u00e1 prezentace vozu. Akci doplnila exkurze ve vodn\u00ed elektr\u00e1rn\u011b \u0160t\u011bchovice.<\/strong><span id=\"more-13165\"><\/span><!--more--><\/p>\n<p>Ford do leto\u0161ka nab\u00edzel v Evrop\u011b t\u0159i elektromobily \u2013\u00a0 Ford Explorer, Capri a Mustang Mach-E. Nyn\u00ed zah\u00e1jil s\u00e9riovou v\u00fdrobu t\u0159\u00ed nov\u00fdch model\u016f \u2013 Pumy Gen-E, E-Tournea Courier a E-Transitu Courier. Prvn\u00ed kusy nyn\u00ed p\u0159ich\u00e1zej\u00ed do showroom\u016f.<\/p>\n<p><img loading=\"lazy\" decoding=\"async\" class=\"alignnone size-medium wp-image-13108\" src=\"http:\/\/www.automakers.cz\/wp-content\/uploads\/2025\/05\/Ford-Puma-Stechovice-orez-1-900x320.jpg\" sizes=\"auto, (max-width: 900px) 100vw, 900px\" srcset=\"https:\/\/www.automakers.cz\/wp-content\/uploads\/2025\/05\/Ford-Puma-Stechovice-orez-1-900x320.jpg 900w, https:\/\/www.automakers.cz\/wp-content\/uploads\/2025\/05\/Ford-Puma-Stechovice-orez-1-1024x364.jpg 1024w, https:\/\/www.automakers.cz\/wp-content\/uploads\/2025\/05\/Ford-Puma-Stechovice-orez-1-768x273.jpg 768w, https:\/\/www.automakers.cz\/wp-content\/uploads\/2025\/05\/Ford-Puma-Stechovice-orez-1-1536x546.jpg 1536w, https:\/\/www.automakers.cz\/wp-content\/uploads\/2025\/05\/Ford-Puma-Stechovice-orez-1.jpg 1992w\" alt=\"\" width=\"900\" height=\"320\" \/>Nov\u00e9 elektromobily se vyr\u00e1b\u011bj\u00ed ve spole\u010dnosti v nejmodern\u011bj\u0161\u00edm z\u00e1vod\u011b FMC v Craiov\u011b. Ka\u017ed\u00fd z nich vyu\u017e\u00edv\u00e1 elektrick\u00e9 pohonn\u00e9 jednotky vyroben\u00e9 v z\u00e1vod\u011b Ford v Halewoodu ve Velk\u00e9 Brit\u00e1nii a d\u00edly vyroben\u00e9 v z\u00e1vod\u011b na v\u00fdrobu komponent\u016f Ford v Kol\u00edn\u011b nad R\u00fdnem.<\/p>\n<p><strong>Z O\u0159echu na Slapy a zp\u011bt<\/strong><\/p>\n<p>Jedny z prvn\u00edch kus\u016f elektrick\u00e9 Pumy mohli v prvn\u00ed j\u00edzd\u011b otestovat \u010de\u0161t\u00ed motoristi\u010dt\u00ed novin\u00e1\u0159i. Startovalo se v AMB na O\u0159echu, prvn\u00edm c\u00edlem byla P\u0159ehrada \u0160t\u011bchovice, pokra\u010dovaloi se na Slapy. Netradi\u010dn\u00ed outdoorov\u00e1 prezentace vozu se konala na <strong>Raby\u0148sk\u00e9 vyhl\u00eddce<\/strong> nad p\u0159ehradou.<\/p>\n<p><img loading=\"lazy\" decoding=\"async\" class=\"alignnone size-medium wp-image-13178\" src=\"http:\/\/www.automakers.cz\/wp-content\/uploads\/2025\/05\/Ford_12.5.25-590-1-900x600.jpg\" alt=\"\" width=\"900\" height=\"600\" \/><span class=\"highlight-query\">\u201eElektromotor Pumy<\/span> Gen-E poh\u00e1n\u00ed akumul\u00e1tor s kapacitou 54 kWh, vyu\u017eiteln\u00fdch je v\u0161ak pouze 43,6 kWh, kv\u016fli zachov\u00e1n\u00ed dlouh\u00e9 \u017eivotnosti baterie.\u00a0P\u0159esto v\u016fz v z\u00e1kladn\u00ed v\u00fdbav\u011b slibuje kombinovan\u00fd dojezd 376 kilometr\u016f,\u201c uvedl mluv\u010d\u00ed Fordu <strong>Petr Buri\u00e1n.<\/strong><\/p>\n<p><img loading=\"lazy\" decoding=\"async\" class=\"alignnone size-medium wp-image-13179\" src=\"http:\/\/www.automakers.cz\/wp-content\/uploads\/2025\/05\/Ford_12.5.25-612-1-900x600.jpg\" sizes=\"auto, (max-width: 900px) 100vw, 900px\" srcset=\"https:\/\/www.automakers.cz\/wp-content\/uploads\/2025\/05\/Ford_12.5.25-612-1-900x600.jpg 900w, https:\/\/www.automakers.cz\/wp-content\/uploads\/2025\/05\/Ford_12.5.25-612-1-1024x683.jpg 1024w, https:\/\/www.automakers.cz\/wp-content\/uploads\/2025\/05\/Ford_12.5.25-612-1-768x512.jpg 768w, https:\/\/www.automakers.cz\/wp-content\/uploads\/2025\/05\/Ford_12.5.25-612-1-1536x1024.jpg 1536w, https:\/\/www.automakers.cz\/wp-content\/uploads\/2025\/05\/Ford_12.5.25-612-1-2048x1366.jpg 2048w\" alt=\"\" width=\"900\" height=\"600\" \/>Baterie podporuje rychlonab\u00edjen\u00ed p\u0159i v\u00fdkonu a\u017e 100 kW, kdy nabit\u00ed z 10 na 80 procent zabere asi 23 minut, po deseti minut\u00e1ch pak v\u016fz nab\u00eddne dostatek energie na zdol\u00e1n\u00ed dal\u0161\u00edch 135 kilometr\u016f. Pomal\u00e9 nab\u00edjen\u00ed st\u0159\u00eddav\u00fdm proudem zvl\u00e1d\u00e1 <span class=\"highlight-query\">Puma<\/span> Gen-E p\u0159i v\u00fdkonu 11 kW.<\/p>\n<p><strong>Ceny od 699 000 korun<\/strong><\/p>\n<p>Z\u00e1kladn\u00ed verze vozu startuje na 699 000 korun\u00e1ch, l\u00e9pe vybaven\u00e1 verze Premium p\u0159ijde na 755 000 korun. Podm\u00ednkou je v\u0161ak financov\u00e1n\u00ed p\u0159\u00edmo od <span class=\"highlight-query highlight-E4id0 highlight-E1id0 highlight-E4M highlight-E1M\">Fordu<\/span>, v opa\u010dn\u00e9m p\u0159\u00edpad\u011b je k cen\u011b pot\u0159eba p\u0159i\u010d\u00edst dal\u0161\u00edch 20 000 korun.<\/p>\n<p><span class=\"highlight-query highlight-E4id0 highlight-E1id0 highlight-E4M highlight-E1M\">Ford<\/span> k tomu nab\u00edz\u00ed wallbox zdarma v\u010detn\u011b posouzen\u00ed proveditelnosti jeho instalace. V sou\u010dasn\u00e9 dob\u011b nav\u00edc automobilka poskytuje z\u00e1jemc\u016fm mo\u017enost vyzkou\u0161et si elektromobily, v\u010detn\u011b <span class=\"highlight-query\">Pumy<\/span> Gen-E, na dva dny.<\/p>\n<p><img loading=\"lazy\" decoding=\"async\" class=\"alignnone size-medium wp-image-13176\" src=\"http:\/\/www.automakers.cz\/wp-content\/uploads\/2025\/05\/Ford_12.5.25-486-900x600.jpg\" sizes=\"auto, (max-width: 900px) 100vw, 900px\" srcset=\"https:\/\/www.automakers.cz\/wp-content\/uploads\/2025\/05\/Ford_12.5.25-486-900x600.jpg 900w, https:\/\/www.automakers.cz\/wp-content\/uploads\/2025\/05\/Ford_12.5.25-486-1024x683.jpg 1024w, https:\/\/www.automakers.cz\/wp-content\/uploads\/2025\/05\/Ford_12.5.25-486-768x512.jpg 768w, https:\/\/www.automakers.cz\/wp-content\/uploads\/2025\/05\/Ford_12.5.25-486-1536x1024.jpg 1536w, https:\/\/www.automakers.cz\/wp-content\/uploads\/2025\/05\/Ford_12.5.25-486-2048x1366.jpg 2048w\" alt=\"\" width=\"900\" height=\"600\" \/><strong>Exkurze v p\u0159e\u010derp\u00e1vac\u00ed elektr\u00e1rn\u011b<\/strong><\/p>\n<p>A co se d\u011blo ve \u0160t\u011bchovic\u00edch. Pr\u016fvodce \u010cEZu <strong>Karel Drahovzal<\/strong> tu provedl \u00fa\u010dastn\u00edky exkurze budovou jej\u00ed elektr\u00e1rny, k vid\u011bn\u00ed byla strojovna, z\u00e1zem\u00ed i dv\u011b m\u00edstn\u00ed peltonovy turb\u00edny, kter\u00e9 dok\u00e1\u017e\u00ed dod\u00e1vat elekt\u0159inu pro 40tis\u00edcov\u00e9 m\u011bsto.<\/p>\n<p><img loading=\"lazy\" decoding=\"async\" class=\"alignnone size-medium wp-image-13177\" src=\"http:\/\/www.automakers.cz\/wp-content\/uploads\/2025\/05\/Ford_12.5.25-511-900x600.jpg\" sizes=\"auto, (max-width: 900px) 100vw, 900px\" srcset=\"https:\/\/www.automakers.cz\/wp-content\/uploads\/2025\/05\/Ford_12.5.25-511-900x600.jpg 900w, https:\/\/www.automakers.cz\/wp-content\/uploads\/2025\/05\/Ford_12.5.25-511-1024x683.jpg 1024w, https:\/\/www.automakers.cz\/wp-content\/uploads\/2025\/05\/Ford_12.5.25-511-768x512.jpg 768w, https:\/\/www.automakers.cz\/wp-content\/uploads\/2025\/05\/Ford_12.5.25-511-1536x1024.jpg 1536w, https:\/\/www.automakers.cz\/wp-content\/uploads\/2025\/05\/Ford_12.5.25-511-2048x1366.jpg 2048w\" alt=\"\" width=\"900\" height=\"600\" \/>V p\u0159\u00edpad\u011b p\u0159ebytku elekt\u0159iny v s\u00edti obr\u00e1t\u00ed turb\u00edny sv\u016fj sm\u011br a vyh\u00e1n\u011bj\u00ed vltavskou vodu do n\u00e1dr\u017ee na vrchu Homole, kter\u00e1 le\u017e\u00ed 200 metr\u016f nad hladinou \u0159eky.<\/p>\n<p><iframe loading=\"lazy\" id=\"_ytid_23523\" class=\"__youtube_prefs__  epyt-is-override  no-lazyload\" title=\"Ford Puma E, dynamick\u00e1 prezentace\" src=\"https:\/\/www.youtube.com\/embed\/juesE0eL07s?enablejsapi=1&amp;autoplay=0&amp;cc_load_policy=0&amp;cc_lang_pref=&amp;iv_load_policy=1&amp;loop=0&amp;modestbranding=0&amp;rel=1&amp;fs=1&amp;playsinline=0&amp;autohide=2&amp;theme=dark&amp;color=red&amp;controls=1&amp;\" width=\"640\" height=\"360\" allowfullscreen=\"allowfullscreen\" data-origwidth=\"640\" data-origheight=\"360\" data-no-lazy=\"1\" data-skipgform_ajax_framebjll=\"\" data-mce-fragment=\"1\"><\/iframe><\/p>\n<p>Elektr\u00e1rna p\u0159e\u010derp\u00e1v\u00e1n\u00edm vody do v\u00fd\u0161ky akumuluje vodu pro zv\u00fd\u0161en\u00ed v\u00fdkonu pro p\u0159\u00edpad pot\u0159eby energetick\u00e9 s\u00edt\u011b.<\/p>\n<p><strong>Erich Handl, \u0160t\u011bchovice, Slapy, Foto a video: autor a FMC<\/strong><\/p>\n<p>&nbsp;<\/p>\n<p>&nbsp;<\/p>\n<div class=\"heateor_sss_sharing_container heateor_sss_vertical_sharing heateor_sss_bottom_sharing\" data-heateor-sss-href=\"https:\/\/www.automakers.cz\/?p=13165\"><\/div>\n<p>&nbsp;<\/p>\n","protected":false},"excerpt":{"rendered":"<p>Novin\u00e1\u0159i\u00a0 absolvovali 12. kv\u011btna prvn\u00ed dynamickou \u010deskou akci modr\u00e9ho ov\u00e1lu v leto\u0161n\u00edm roce. Testy elektrick\u00e9ho&#8230;<\/p>\n","protected":false},"author":1,"featured_media":951,"comment_status":"open","ping_status":"open","sticky":false,"template":"","format":"standard","meta":{"footnotes":""},"categories":[17,9,2,28],"tags":[],"class_list":["post-950","post","type-post","status-publish","format-standard","has-post-thumbnail","hentry","category-elektromobily","category-testy","category-tiskovky","category-video"],"_links":{"self":[{"href":"https:\/\/www.klubmn.cz\/index.php?rest_route=\/wp\/v2\/posts\/950","targetHints":{"allow":["GET"]}}],"collection":[{"href":"https:\/\/www.klubmn.cz\/index.php?rest_route=\/wp\/v2\/posts"}],"about":[{"href":"https:\/\/www.klubmn.cz\/index.php?rest_route=\/wp\/v2\/types\/post"}],"author":[{"embeddable":true,"href":"https:\/\/www.klubmn.cz\/index.php?rest_route=\/wp\/v2\/users\/1"}],"replies":[{"embeddable":true,"href":"https:\/\/www.klubmn.cz\/index.php?rest_route=%2Fwp%2Fv2%2Fcomments&post=950"}],"version-history":[{"count":1,"href":"https:\/\/www.klubmn.cz\/index.php?rest_route=\/wp\/v2\/posts\/950\/revisions"}],"predecessor-version":[{"id":952,"href":"https:\/\/www.klubmn.cz\/index.php?rest_route=\/wp\/v2\/posts\/950\/revisions\/952"}],"wp:featuredmedia":[{"embeddable":true,"href":"https:\/\/www.klubmn.cz\/index.php?rest_route=\/wp\/v2\/media\/951"}],"wp:attachment":[{"href":"https:\/\/www.klubmn.cz\/index.php?rest_route=%2Fwp%2Fv2%2Fmedia&parent=950"}],"wp:term":[{"taxonomy":"category","embeddable":true,"href":"https:\/\/www.klubmn.cz\/index.php?rest_route=%2Fwp%2Fv2%2Fcategories&post=950"},{"taxonomy":"post_tag","embeddable":true,"href":"https:\/\/www.klubmn.cz\/index.php?rest_route=%2Fwp%2Fv2%2Ftags&post=950"}],"curies":[{"name":"wp","href":"https:\/\/api.w.org\/{rel}","templated":true}]}}