{"id":96,"date":"2023-11-28T13:35:30","date_gmt":"2023-11-28T13:35:30","guid":{"rendered":"https:\/\/www.klubmn.cz\/?p=96"},"modified":"2023-11-29T14:03:14","modified_gmt":"2023-11-29T14:03:14","slug":"auto-roku-2024-testuje-v-pocernicich","status":"publish","type":"post","link":"https:\/\/www.klubmn.cz\/?p=96","title":{"rendered":"Auto roku 2024 testovalo v Po\u010dernic\u00edch"},"content":{"rendered":"<p><strong>Anketa Auto roku 2024 sotva dokon\u010dila nominace vozidel a u\u017e jsou tu testovac\u00ed j\u00edzdy. Na Chvalsk\u00e9 tvrzi v Horn\u00edch Po\u010dernic\u00edch byly 28. listopadu porotc\u016fm k dispozici nominovan\u00e9 modely. St\u0159eda nyn\u00ed pat\u0159\u00ed \u010dlen\u016fm KMN. Specifikace voz\u016f p\u0159ibl\u00ed\u017eili porot\u011b PR mana\u017ee\u0159i sout\u011b\u017e\u00edc\u00edch zna\u010dek.<\/strong> <span id=\"more-426\"><\/span><!--more--><\/p>\n<p>Na Chvalsk\u00e9 tvrzi se vedle \u010dlen\u016f poroty objevili jako v\u017edy i PR mana\u017ee\u0159i kandid\u00e1tsk\u00fdch zna\u010dek. Na programu byl vedle j\u00edzd i pracovn\u00ed ob\u011bd, individu\u00e1ln\u00ed rozhovory a spole\u010dn\u00e9 focen\u00ed.<\/p>\n<p><img loading=\"lazy\" decoding=\"async\" class=\"alignnone size-medium wp-image-563\" src=\"http:\/\/www.automakers.cz\/wp-content\/uploads\/2023\/11\/Auto-roku-24-tvrz-kolaz-900x900.jpg\" sizes=\"auto, (max-width: 900px) 100vw, 900px\" srcset=\"https:\/\/www.automakers.cz\/wp-content\/uploads\/2023\/11\/Auto-roku-24-tvrz-kolaz-900x900.jpg 900w, https:\/\/www.automakers.cz\/wp-content\/uploads\/2023\/11\/Auto-roku-24-tvrz-kolaz-768x768.jpg 768w, https:\/\/www.automakers.cz\/wp-content\/uploads\/2023\/11\/Auto-roku-24-tvrz-kolaz.jpg 1008w\" alt=\"\" width=\"900\" height=\"900\" \/><\/p>\n<p>Porotci na z\u00e1klad\u011b sv\u00fdch preferenc\u00ed vyberou sv\u00e9 favority a do 5. prosince ozn\u00e1m\u00ed jm\u00e9na p\u011bti nejlep\u0161\u00edch vozidel po\u0159adateli.<\/p>\n<p><strong>Vyhl\u00e1\u0161en\u00ed finalist\u016f 13. prosince<\/strong><\/p>\n<p>Z vozidel, kter\u00fdm ud\u011blila porota v prvn\u00edm kole nejv\u00edce bod\u016f bude vybr\u00e1no p\u011bt finalist\u016f (nebo v p\u0159\u00edpad\u011b rovnosti bod\u016f na p\u00e1t\u00e9m m\u00edst\u011b \u0161est, pop\u0159\u00edpad\u011b i sedm). Zve\u0159ejn\u011bn\u00ed finalist\u016f je pl\u00e1nov\u00e1no a\u017e na 13. prosince 2023.<\/p>\n<figure class=\"wp-block-embed wp-block-embed-youtube is-type-video is-provider-youtube epyt-figure\"><div class=\"wp-block-embed__wrapper\"><iframe loading=\"lazy\"  id=\"_ytid_80226\"  width=\"640\" height=\"360\"  data-origwidth=\"640\" data-origheight=\"360\" src=\"https:\/\/www.youtube.com\/embed\/TBzbTJOmlv8?enablejsapi=1&autoplay=0&cc_load_policy=0&cc_lang_pref=&iv_load_policy=1&loop=0&modestbranding=0&rel=1&fs=1&playsinline=0&autohide=2&theme=dark&color=red&controls=1&\" class=\"__youtube_prefs__  no-lazyload\" title=\"YouTube player\"  allow=\"accelerometer; autoplay; clipboard-write; encrypted-media; gyroscope; picture-in-picture\" allowfullscreen data-no-lazy=\"1\" data-skipgform_ajax_framebjll=\"\"><\/iframe><\/div><\/figure>\n<p><strong>A pak se bude \u010dekat na 6. \u00fanor<\/strong><\/p>\n<p>Vlastn\u00ed slavnostn\u00ed vyhl\u00e1\u0161en\u00ed v\u00edt\u011bze jubilejn\u00edho, t\u0159ic\u00e1t\u00e9ho ro\u010dn\u00edku ankety Auto roku 2024 v \u010cesk\u00e9 republice p\u0159ipravuje jej\u00ed po\u0159adatel \u2013 Svaz dovozc\u016f automobil\u016f v pra\u017esk\u00e9m Pal\u00e1ci kultury na \u00fater\u00fd 6. \u00fanora 2024, od 14. hodin. Akce bue ur\u010dena pozvan\u00fdm.<\/p>\n<p><img loading=\"lazy\" decoding=\"async\" class=\"alignnone size-full wp-image-424\" src=\"http:\/\/www.automakers.cz\/wp-content\/uploads\/2023\/11\/AR-2019-jizdy-prapor-logo-678x381-1.jpg\" alt=\"\" width=\"678\" height=\"381\" \/><\/p>\n<p>Sou\u010d\u00e1st\u00ed vyhla\u0161ov\u00e1n\u00ed p\u0159\u00ed\u0161t\u00edho Auta roku bude i kr\u00e1tk\u00fd odborn\u00fd semin\u00e1\u0159 a doprovodn\u00fd program zam\u011b\u0159en\u00fd na p\u0159ipomenut\u00ed v\u00fdro\u010d\u00ed 30. let existence a \u010dinnosti Svazu dovozc\u016f automobil\u016f.<\/p>\n<p><strong>Zdroj: Chvalsk\u00e1 tvrz, Erich Handl, organiza\u010dn\u00ed v\u00fdbor ankety<br \/>\n<\/strong><\/p>\n<p><img loading=\"lazy\" decoding=\"async\" class=\"alignnone size-medium wp-image-414\" src=\"http:\/\/www.automakers.cz\/wp-content\/uploads\/2023\/11\/logo-Auto-roku-2024-900x458.jpg\" sizes=\"auto, (max-width: 900px) 100vw, 900px\" srcset=\"https:\/\/www.automakers.cz\/wp-content\/uploads\/2023\/11\/logo-Auto-roku-2024-900x458.jpg 900w, https:\/\/www.automakers.cz\/wp-content\/uploads\/2023\/11\/logo-Auto-roku-2024-1024x521.jpg 1024w, https:\/\/www.automakers.cz\/wp-content\/uploads\/2023\/11\/logo-Auto-roku-2024-768x391.jpg 768w, https:\/\/www.automakers.cz\/wp-content\/uploads\/2023\/11\/logo-Auto-roku-2024-1536x781.jpg 1536w, https:\/\/www.automakers.cz\/wp-content\/uploads\/2023\/11\/logo-Auto-roku-2024.jpg 1766w\" alt=\"\" width=\"900\" height=\"458\" \/><\/p>\n<div class=\"heateor_sss_sharing_container heateor_sss_vertical_sharing heateor_sss_bottom_sharing\" data-heateor-sss-href=\"https:\/\/www.automakers.cz\/?p=426\">\n<div class=\"heateor_sss_sharing_ul\"><\/div>\n<\/div>\n<div class=\"heateor_sss_sharing_container heateor_sss_vertical_sharing heateor_sss_bottom_sharing\" data-heateor-sss-href=\"https:\/\/www.automakers.cz\/?p=426\">\n<div class=\"heateorSssClear\"><\/div>\n<div class=\"heateorSssSharingArrow heateorSssPullOut\" title=\"Hide\"><\/div>\n<\/div>\n<p><span class=\"edit-link\"><i class=\"fas fa-edit\"><\/i><a class=\"post-edit-link\" href=\"https:\/\/www.automakers.cz\/wp-admin\/post.php?post=426&amp;action=edit\">Edit <\/a><\/span><\/p>\n","protected":false},"excerpt":{"rendered":"<p>Anketa Auto roku 2024 sotva dokon\u010dila nominace vozidel a u\u017e jsou tu testovac\u00ed j\u00edzdy. Na&#8230;<\/p>\n","protected":false},"author":1,"featured_media":97,"comment_status":"open","ping_status":"open","sticky":false,"template":"","format":"standard","meta":{"footnotes":""},"categories":[12,14],"tags":[],"class_list":["post-96","post","type-post","status-publish","format-standard","has-post-thumbnail","hentry","category-ankety","category-eventy"],"_links":{"self":[{"href":"https:\/\/www.klubmn.cz\/index.php?rest_route=\/wp\/v2\/posts\/96","targetHints":{"allow":["GET"]}}],"collection":[{"href":"https:\/\/www.klubmn.cz\/index.php?rest_route=\/wp\/v2\/posts"}],"about":[{"href":"https:\/\/www.klubmn.cz\/index.php?rest_route=\/wp\/v2\/types\/post"}],"author":[{"embeddable":true,"href":"https:\/\/www.klubmn.cz\/index.php?rest_route=\/wp\/v2\/users\/1"}],"replies":[{"embeddable":true,"href":"https:\/\/www.klubmn.cz\/index.php?rest_route=%2Fwp%2Fv2%2Fcomments&post=96"}],"version-history":[{"count":3,"href":"https:\/\/www.klubmn.cz\/index.php?rest_route=\/wp\/v2\/posts\/96\/revisions"}],"predecessor-version":[{"id":100,"href":"https:\/\/www.klubmn.cz\/index.php?rest_route=\/wp\/v2\/posts\/96\/revisions\/100"}],"wp:featuredmedia":[{"embeddable":true,"href":"https:\/\/www.klubmn.cz\/index.php?rest_route=\/wp\/v2\/media\/97"}],"wp:attachment":[{"href":"https:\/\/www.klubmn.cz\/index.php?rest_route=%2Fwp%2Fv2%2Fmedia&parent=96"}],"wp:term":[{"taxonomy":"category","embeddable":true,"href":"https:\/\/www.klubmn.cz\/index.php?rest_route=%2Fwp%2Fv2%2Fcategories&post=96"},{"taxonomy":"post_tag","embeddable":true,"href":"https:\/\/www.klubmn.cz\/index.php?rest_route=%2Fwp%2Fv2%2Ftags&post=96"}],"curies":[{"name":"wp","href":"https:\/\/api.w.org\/{rel}","templated":true}]}}