{"id":961,"date":"2025-05-20T12:54:23","date_gmt":"2025-05-20T12:54:23","guid":{"rendered":"https:\/\/www.klubmn.cz\/?p=961"},"modified":"2025-05-20T12:54:23","modified_gmt":"2025-05-20T12:54:23","slug":"investika-najala-novou-pr-agenturu","status":"publish","type":"post","link":"https:\/\/www.klubmn.cz\/?p=961","title":{"rendered":"INVESTIKA najala novou PR agenturu"},"content":{"rendered":"<p><strong><b>Investi\u010dn\u00ed spole\u010dnost INVESTIKA <\/b><\/strong><strong><b>vstupuje do f\u00e1ze intenzivn\u011bj\u0161\u00ed komunikace s ve\u0159ejnost\u00ed a m\u00e9dii. V pr\u00e1v\u011b uzav\u0159en\u00e9m v\u00fdb\u011brov\u00e9m \u0159\u00edzen\u00ed na dodavatele PR slu\u017eeb zv\u00edt\u011bzila \u010desk\u00e1 pobo\u010dka glob\u00e1ln\u00ed komunika\u010dn\u00ed agentury FleishmanHillard. <\/b><\/strong><!--more--><\/p>\n<p>Vedle toho investi\u010dn\u00ed spole\u010dnost INVESTIKA roz\u0161i\u0159uje sv\u016fj expertn\u00ed t\u00fdm \u2013 do pozice hlavn\u00edho ekonoma nastupuje zku\u0161en\u00fd makroekonom V\u00edt Hradil.<\/p>\n<p><strong><b>\u00a0<\/b><\/strong><em><i>\u201eINVESTIKA letos slav\u00ed deset let \u00fasp\u011b\u0161n\u00e9ho p\u016fsob\u00ed na trhu a te\u010f je \u010das, aby byla je\u0161t\u011b v\u00edc vid\u011bt. Ve FleishmanHillard jsme na\u0161li t\u00fdm, kter\u00fd rozum\u00ed na\u0161im ambic\u00edm i prost\u0159ed\u00ed, ve kter\u00e9m p\u016fsob\u00edme. S V\u00edtkem Hradilem zase chceme srozumiteln\u011b a fundovan\u011b vysv\u011btlovat slo\u017eit\u00e1 ekonomick\u00e1 t\u00e9mata, a t\u00edm zvy\u0161ovat finan\u010dn\u00ed pov\u011bdom\u00ed a gramotnost nejen na\u0161ich klient\u016f, ale i \u0161irok\u00e9 ve\u0159ejnosti,\u201c <\/i><\/em>\u0159\u00edk\u00e1 <strong><b>Ond\u0159ej Karansk\u00fd za marketingov\u00e9 odd\u011blen\u00ed investi\u010dn\u00ed spole\u010dnosti INVESTIKA<\/b><\/strong>.<\/p>\n<p>Investi\u010dn\u00ed spole\u010dnost INVESTIKA aktu\u00e1ln\u011b spravuje prost\u0159edky v\u00edce ne\u017e 100 000 klient\u016f a pat\u0159\u00ed (podle objemu majetku v jimi obhospoda\u0159ovan\u00fdch investi\u010dn\u00edch fondech) mezi t\u0159i nejv\u011bt\u0161\u00ed nez\u00e1visl\u00e9 investi\u010dn\u00ed spole\u010dnosti na \u010desk\u00e9m trhu. Vlajkovou lod\u00ed investi\u010dn\u00ed spole\u010dnosti je stejnojmenn\u00fd investi\u010dn\u00ed fond INVESTIKA realitn\u00ed fond, otev\u0159en\u00fd pod\u00edlov\u00fd fond, kter\u00fd je nejv\u011bt\u0161\u00edm nebankovn\u00edm realitn\u00edm fondem pro drobn\u00e9 investory v \u010cesku i na Slovensku. Investi\u010dn\u00ed spole\u010dnost i fond letos oslav\u00ed deset let na trhu.<\/p>\n<p><em><i>\u00a0<\/i><\/em><em><i>\u201e<\/i><\/em><em><i>Investi\u010dn\u00ed rozhodov\u00e1n\u00ed dnes st\u00e1le v\u00edce ovliv\u0148uj\u00ed \u0161ir\u0161\u00ed ekonomick\u00e9 souvislosti. M\u00fdm \u00fakolem je v\u00a0ekonomick\u00fdch ud\u00e1lostech nal\u00e9zat investi\u010dn\u00ed rizika i p\u0159\u00edle\u017eitosti a srozumiteln\u011b o nich komunikovat dovnit\u0159 investi\u010dn\u00ed spole\u010dnosti i navenek<\/i><\/em><em><i>,\u201c <\/i><\/em>uv\u00e1d\u00ed <strong><b>V\u00edt Hradil<\/b><\/strong>, nov\u00fd <strong><b>hlavn\u00ed ekonom investi\u010dn\u00ed spole\u010dnosti INVESTIKA<\/b><\/strong>.<\/p>\n<figure id=\"attachment_964\" aria-describedby=\"caption-attachment-964\" style=\"width: 300px\" class=\"wp-caption alignnone\"><img loading=\"lazy\" decoding=\"async\" class=\"size-medium wp-image-964\" src=\"http:\/\/www.klubmn.cz\/wp-content\/uploads\/2025\/05\/Vit_Hradil-300x300.jpeg\" alt=\"\" width=\"300\" height=\"300\" srcset=\"https:\/\/www.klubmn.cz\/wp-content\/uploads\/2025\/05\/Vit_Hradil-300x300.jpeg 300w, https:\/\/www.klubmn.cz\/wp-content\/uploads\/2025\/05\/Vit_Hradil-1024x1024.jpeg 1024w, https:\/\/www.klubmn.cz\/wp-content\/uploads\/2025\/05\/Vit_Hradil-150x150.jpeg 150w, https:\/\/www.klubmn.cz\/wp-content\/uploads\/2025\/05\/Vit_Hradil-768x768.jpeg 768w, https:\/\/www.klubmn.cz\/wp-content\/uploads\/2025\/05\/Vit_Hradil-1536x1536.jpeg 1536w, https:\/\/www.klubmn.cz\/wp-content\/uploads\/2025\/05\/Vit_Hradil-2048x2048.jpeg 2048w\" sizes=\"auto, (max-width: 300px) 100vw, 300px\" \/><figcaption id=\"caption-attachment-964\" class=\"wp-caption-text\">V\u00edt Hradil<\/figcaption><\/figure>\n<p>P\u0159ekonat m\u00fdtus o exkluzivit\u011b investic, p\u0159ibl\u00ed\u017eit dostupn\u00e9 mo\u017enosti s p\u0159ijatelnou m\u00edrou rizika a budovat d\u016fv\u011bryhodnost zna\u010dky prost\u0159ednictv\u00edm kreativity a siln\u00e9ho p\u0159\u00edb\u011bhu \u2013 pr\u00e1v\u011b s\u00a0t\u011bmito t\u00e9maty zv\u00edt\u011bzila ve v\u00fdb\u011brov\u00e9m \u0159\u00edzen\u00ed agentura FleishmanHillard. PR komunikaci zna\u010dky bude m\u00edt na stran\u011b agentury na starosti t\u00fdm veden\u00fd Ond\u0159ejem P\u00ed\u0161ou, klientskou mana\u017eerkou bude Martina Jakelov\u00e1, kter\u00e1 m\u00e1 se sektorem financ\u00ed bohat\u00e9 zku\u0161enosti.<\/p>\n<p><em><i>\u00a0<\/i><\/em><em><i>\u201eVelmi si v\u00e1\u017e\u00edme d\u016fv\u011bry, kterou v\u00a0n\u00e1s investi\u010dn\u00ed spole\u010dnost INVESTIKA vlo\u017eila, a t\u011b\u0161\u00edme se na spole\u010dnou komunikaci t\u00e9mat d\u016fle\u017eit\u00fdch pro ka\u017ed\u00e9ho z\u00a0n\u00e1s. Pravideln\u00e9 investov\u00e1n\u00ed je jednou z\u00a0cest, jak se zabezpe\u010dit na st\u00e1\u0159\u00ed, co\u017e je p\u0159i demografick\u00fdch predikc\u00edch velmi aktu\u00e1ln\u00ed t\u00e9ma. V\u011b\u0159\u00edme, \u017ee INVESTIKA je zna\u010dka s<\/i><\/em><em><i>\u00a0potenci\u00e1lem st\u00e1t se jedn\u00edm z n\u00e1zorov\u00fdch l\u00eddr\u016f v oblasti investic, a r\u00e1di tak budeme sou\u010d\u00e1st\u00ed jej\u00ed cesty k v\u011bt\u0161\u00ed viditelnosti,\u201c <\/i><\/em>dopl\u0148uje <strong><b>Ond\u0159ej P\u00ed\u0161a, Head of Professional Services Communications Team, FleishmanHillard<\/b><\/strong>.<\/p>\n","protected":false},"excerpt":{"rendered":"<p>Investi\u010dn\u00ed spole\u010dnost INVESTIKA vstupuje do f\u00e1ze intenzivn\u011bj\u0161\u00ed komunikace s ve\u0159ejnost\u00ed a m\u00e9dii. V pr\u00e1v\u011b uzav\u0159en\u00e9m&#8230;<\/p>\n","protected":false},"author":1,"featured_media":963,"comment_status":"open","ping_status":"open","sticky":false,"template":"","format":"standard","meta":{"footnotes":""},"categories":[11,19],"tags":[],"class_list":["post-961","post","type-post","status-publish","format-standard","has-post-thumbnail","hentry","category-personalie","category-pr"],"_links":{"self":[{"href":"https:\/\/www.klubmn.cz\/index.php?rest_route=\/wp\/v2\/posts\/961","targetHints":{"allow":["GET"]}}],"collection":[{"href":"https:\/\/www.klubmn.cz\/index.php?rest_route=\/wp\/v2\/posts"}],"about":[{"href":"https:\/\/www.klubmn.cz\/index.php?rest_route=\/wp\/v2\/types\/post"}],"author":[{"embeddable":true,"href":"https:\/\/www.klubmn.cz\/index.php?rest_route=\/wp\/v2\/users\/1"}],"replies":[{"embeddable":true,"href":"https:\/\/www.klubmn.cz\/index.php?rest_route=%2Fwp%2Fv2%2Fcomments&post=961"}],"version-history":[{"count":3,"href":"https:\/\/www.klubmn.cz\/index.php?rest_route=\/wp\/v2\/posts\/961\/revisions"}],"predecessor-version":[{"id":966,"href":"https:\/\/www.klubmn.cz\/index.php?rest_route=\/wp\/v2\/posts\/961\/revisions\/966"}],"wp:featuredmedia":[{"embeddable":true,"href":"https:\/\/www.klubmn.cz\/index.php?rest_route=\/wp\/v2\/media\/963"}],"wp:attachment":[{"href":"https:\/\/www.klubmn.cz\/index.php?rest_route=%2Fwp%2Fv2%2Fmedia&parent=961"}],"wp:term":[{"taxonomy":"category","embeddable":true,"href":"https:\/\/www.klubmn.cz\/index.php?rest_route=%2Fwp%2Fv2%2Fcategories&post=961"},{"taxonomy":"post_tag","embeddable":true,"href":"https:\/\/www.klubmn.cz\/index.php?rest_route=%2Fwp%2Fv2%2Ftags&post=961"}],"curies":[{"name":"wp","href":"https:\/\/api.w.org\/{rel}","templated":true}]}}