{"id":969,"date":"2025-05-23T07:58:59","date_gmt":"2025-05-23T07:58:59","guid":{"rendered":"https:\/\/www.klubmn.cz\/?p=969"},"modified":"2025-05-23T07:58:59","modified_gmt":"2025-05-23T07:58:59","slug":"mercedes-benz-chysta-na-legendy-pet-vystavnich-premier","status":"publish","type":"post","link":"https:\/\/www.klubmn.cz\/?p=969","title":{"rendered":"Mercedes-Benz chyst\u00e1 na Legendy p\u011bt v\u00fdstavn\u00edch premi\u00e9r"},"content":{"rendered":"<div class=\"HeaderContainer-sc-10zscs5-0 eAVBSF\">\n<div class=\"HeaderContainerText-sc-181ifbk-0 dhoHat\">\n<p class=\"Perex-sc-1qbdpua-0 fGYCev\"><strong>\u010cesk\u00fd Mercedes-Benz p\u0159ipravil pro n\u00e1v\u0161t\u011bvn\u00edky motoristick\u00e9 slavnosti Legendy 2025 prezentaci, kter\u00e9 bude dominovat p\u011bt nov\u00fdch model\u016f. Jednou z hlavn\u00edch hv\u011bzd bude nov\u00e1 generace modelu CLA, kter\u00fd p\u0159edstavuje z\u00e1rove\u0148 jeden z technologicky nejpokro\u010dilej\u0161\u00edch elektromobil\u016f.<\/strong><\/p>\n<p class=\"Perex-sc-1qbdpua-0 fGYCev\">Vedle aerodynamick\u00e9 produk\u010dn\u00ed novinky, kter\u00e1 p\u0159in\u00e1\u0161\u00ed \u0159adu inovativn\u00edch prvk\u016f pro nov\u00e9 pojet\u00ed bezemisn\u00ed j\u00edzdy, se p\u0159edstav\u00ed dal\u0161\u00ed \u010dty\u0159i zcela ojedin\u011bl\u00e9 automobily, tvo\u0159\u00edc\u00ed uk\u00e1zku vrcholn\u00e9ho luxusu, vyt\u0159\u00edben\u00e9ho stylu a technick\u00e9 v\u00fdjime\u010dnosti. Jako v minul\u00fdch letech bude expozici dopl\u0148ovat sou\u010dasn\u00e1 modelov\u00e1 nab\u00eddka i slavn\u00e9 vozy z historie t\u0159\u00edc\u00edp\u00e9 hv\u011bzdy<\/p>\n<\/div>\n<\/div>\n<p><!--more--><\/p>\n<p><strong>Nov\u00e9 CLA<\/strong>\u00a0se v\u00a0\u010desk\u00e9 v\u00fdstavn\u00ed premi\u00e9\u0159e pro ve\u0159ejnost p\u0159edstavuje jako prvn\u00ed model ze zcela nov\u00e9 rodiny nov\u00fdch voz\u016f Mercedes-Benz. K dispozici bude s elektrick\u00fdm i\u00a0technologicky vysoce pokro\u010dil\u00fdm hybridn\u00edm pohonem. Jako prvn\u00ed p\u0159ich\u00e1z\u00ed na trh pln\u011b elektrick\u00e9 CLA s\u00a0atraktivn\u00ed cenou od\u00a01\u00a0379\u00a0013 K\u010d, kter\u00e1 odpov\u00edd\u00e1 vstupn\u00ed cenov\u00e9 hladin\u011b elektromobil\u016f Mercedes-Benz. V\u016fz vyu\u017e\u00edv\u00e1 technologie z\u00a0konceptu VISION EQXX, kter\u00fd mohli n\u00e1v\u0161t\u011bvn\u00edci slavnosti Legendy obdivovat vloni.<\/p>\n<div class=\"BodyContainer-sc-2rfu1c-0 eAboOU\">\n<div class=\"BodyContainerContent-sc-19ju3fv-0 eaFkwA\">\n<div class=\"ContentContainer-sc-ooktgz-0\">\n<p>V\u016fz je postaven na zcela nov\u00e9 platform\u011b, vyu\u017e\u00edv\u00e1 vlastn\u00ed opera\u010dn\u00ed syst\u00e9m MB.OS a pokro\u010dil\u00fd hardware s\u00a0v\u00edcej\u00e1drov\u00fdmi \u010dipy. D\u00edky tomu jde o nejchyt\u0159ej\u0161\u00ed v\u016fz, jak\u00fd kdy Mercedes-Benz vyrobil. Pro pokro\u010dil\u00e9 bezpe\u010dnostn\u00ed, automatizovan\u00e9 a komfortn\u00ed funkce je k\u00a0dispozici vysok\u00fd v\u00fdpo\u010detn\u00ed v\u00fdkon (p\u0159es 450\u00a0000 DMIPS u procesoru a v\u00edce ne\u017e 8,3 TFLOPS pro grafick\u00fd \u010dip), 70 GB pam\u011bti RAM nebo SSD disk s\u00a0kapacitou 600\u00a0GB.<\/p>\n<p>Pozoruhodn\u00e1 je podle v\u00fdrobce tak\u00e9 n\u00edzk\u00e1 spot\u0159eba energie: S kombinovanou spot\u0159ebou 12,2\u201314,1 kWh\/100 km (p\u0159edb\u011b\u017en\u00e9 \u00fadaje podle WLTP) umo\u017e\u0148uje nov\u00fd model CLA 250+ s technologi\u00ed EQ na jedno nabit\u00ed dojezd a\u017e 792 kilometr\u016f. T\u00edm nov\u00e9 CLA posouv\u00e1 elektromobilitu v ka\u017edodenn\u00edm \u017eivot\u011b na mnohem vy\u0161\u0161\u00ed \u00farove\u0148. Vysp\u011bl\u00e1 800voltov\u00e1 technologie z\u00e1rove\u0148 zkracuje dobu nab\u00edjen\u00ed: akumul\u00e1tor je mo\u017en\u00e9 dob\u00edt pro dojezd a\u017e 325 km b\u011bhem 10 minut.<\/p>\n<p><img loading=\"lazy\" decoding=\"async\" class=\"size-medium wp-image-13350\" src=\"http:\/\/www.automakers.cz\/wp-content\/uploads\/2025\/05\/Mercedes-Benz-900x600.jpg\" alt=\"\" width=\"900\" height=\"600\" \/><\/p>\n<div class=\"HeaderContainer-sc-10zscs5-0 eAVBSF\">\n<div class=\"HeaderContainerText-sc-181ifbk-0 dhoHat\">\n<p class=\"Perex-sc-1qbdpua-0 fGYCev\"><strong>Premi\u00e9ry na st\u00e1nku Mercedes-Benz:<\/strong><\/p>\n<\/div>\n<\/div>\n<div class=\"BodyContainer-sc-2rfu1c-0 eAboOU\">\n<div class=\"BodyContainerContent-sc-19ju3fv-0 eaFkwA\">\n<div class=\"ContentContainer-sc-ooktgz-0\">\n<ul>\n<li>Mercedes-Maybach SL: vrchol luxusu a dokonal\u00fd z\u00e1\u017eitek z j\u00edzdy pod \u0161ir\u00fdm nebem<\/li>\n<li>Mercedes-AMG GT 63 PRO 4MATIC+: nejlep\u0161\u00ed volba z Affalterbachu pro z\u00e1vodn\u00ed okruhy<\/li>\n<li>Mercedes-AMG PureSpeed: exkluzivn\u00ed pocta slavn\u00e9 historii motorsportu<\/li>\n<li>T\u0159\u00edda G Past II Future: 1 z\u00a020 voz\u016f limitovan\u00e9 edice s\u00a0odkazem na 90. l\u00e9ta<\/li>\n<li>Rozs\u00e1hl\u00e1 prezentace dal\u0161\u00edch model\u016f i historick\u00fdch voz\u016f Mercedes-Benz klubu \u010cR<\/li>\n<\/ul>\n<p><strong>Zdroj: Mercedes-Benz, Josef Hl\u00e1vka<\/strong><\/p>\n<\/div>\n<\/div>\n<\/div>\n<\/div>\n<\/div>\n<\/div>\n","protected":false},"excerpt":{"rendered":"<p>\u010cesk\u00fd Mercedes-Benz p\u0159ipravil pro n\u00e1v\u0161t\u011bvn\u00edky motoristick\u00e9 slavnosti Legendy 2025 prezentaci, kter\u00e9 bude dominovat p\u011bt nov\u00fdch&#8230;<\/p>\n","protected":false},"author":1,"featured_media":970,"comment_status":"open","ping_status":"open","sticky":false,"template":"","format":"standard","meta":{"footnotes":""},"categories":[6],"tags":[],"class_list":["post-969","post","type-post","status-publish","format-standard","has-post-thumbnail","hentry","category-vystavy"],"_links":{"self":[{"href":"https:\/\/www.klubmn.cz\/index.php?rest_route=\/wp\/v2\/posts\/969","targetHints":{"allow":["GET"]}}],"collection":[{"href":"https:\/\/www.klubmn.cz\/index.php?rest_route=\/wp\/v2\/posts"}],"about":[{"href":"https:\/\/www.klubmn.cz\/index.php?rest_route=\/wp\/v2\/types\/post"}],"author":[{"embeddable":true,"href":"https:\/\/www.klubmn.cz\/index.php?rest_route=\/wp\/v2\/users\/1"}],"replies":[{"embeddable":true,"href":"https:\/\/www.klubmn.cz\/index.php?rest_route=%2Fwp%2Fv2%2Fcomments&post=969"}],"version-history":[{"count":2,"href":"https:\/\/www.klubmn.cz\/index.php?rest_route=\/wp\/v2\/posts\/969\/revisions"}],"predecessor-version":[{"id":972,"href":"https:\/\/www.klubmn.cz\/index.php?rest_route=\/wp\/v2\/posts\/969\/revisions\/972"}],"wp:featuredmedia":[{"embeddable":true,"href":"https:\/\/www.klubmn.cz\/index.php?rest_route=\/wp\/v2\/media\/970"}],"wp:attachment":[{"href":"https:\/\/www.klubmn.cz\/index.php?rest_route=%2Fwp%2Fv2%2Fmedia&parent=969"}],"wp:term":[{"taxonomy":"category","embeddable":true,"href":"https:\/\/www.klubmn.cz\/index.php?rest_route=%2Fwp%2Fv2%2Fcategories&post=969"},{"taxonomy":"post_tag","embeddable":true,"href":"https:\/\/www.klubmn.cz\/index.php?rest_route=%2Fwp%2Fv2%2Ftags&post=969"}],"curies":[{"name":"wp","href":"https:\/\/api.w.org\/{rel}","templated":true}]}}