{"id":973,"date":"2025-05-23T10:43:27","date_gmt":"2025-05-23T10:43:27","guid":{"rendered":"https:\/\/www.klubmn.cz\/?p=973"},"modified":"2025-05-23T10:43:27","modified_gmt":"2025-05-23T10:43:27","slug":"automobilova-slavnost-legendy-uz-za-tyden","status":"publish","type":"post","link":"https:\/\/www.klubmn.cz\/?p=973","title":{"rendered":"Automobilov\u00e1 slavnost LEGENDY u\u017e za t\u00fdden"},"content":{"rendered":"<div><strong>U\u017e jen t\u00fdden zb\u00fdv\u00e1 do zah\u00e1jen\u00ed Automobilov\u00e9 v\u00fdstavy a slavnosti LEGENDY (30.5-1.62025 V\u00fdstavi\u0161t\u011b Praha Hole\u0161ovice). Promot\u00e9r v\u00fdstavy Lubor\u00a0<em>Kos<\/em> o\u010dek\u00e1v\u00e1 a\u017e 50 000 n\u00e1v\u0161t\u011bvn\u00edk\u016f. Co bude k vid\u011bn\u00ed?<\/strong><\/div>\n<p><!--more--><\/p>\n<div>Hlavn\u00edmi vystavovateli jsou zna\u010dky<strong> \u0160KODA<\/strong> a <strong>Mercedes-Benz<\/strong>, z\u00fa\u010dastn\u00ed se d\u00e1le <strong>AUDI, SUBARU<\/strong> a s dal\u0161\u00edmi zna\u010dkami nebo dealery se jedn\u00e1 a definuje rozsah spolupr\u00e1ce. Slavnost je otev\u0159ena v\u0161em zna\u010dk\u00e1m a nab\u00edz\u00ed \u0161irok\u00e9 osloven\u00ed a p\u0159\u00edpravu expozice na kl\u00ed\u010d.<\/div>\n<div><\/div>\n<div>Hlavn\u00edm l\u00e1kadlem budou <strong>Pavilon Alfa Romeo, Pavilon Lamborghini a Pavilon Ferrari.<\/strong> Tyto pavilony p\u0159ipravuje organiz\u00e1tor spolu se soukrom\u00fdmi majiteli a jde o pojet\u00ed v duchu galerie, kdy unik\u00e1tn\u00ed vozy jsou nasv\u00edceny, vozy stoj\u00ed na koberc\u00edch a vynik\u00e1 jejich kr\u00e1sa.<\/div>\n<div>\n<figure id=\"attachment_12615\" class=\"wp-caption alignnone\" aria-describedby=\"caption-attachment-12615\"><img loading=\"lazy\" decoding=\"async\" class=\"size-medium wp-image-12615\" src=\"http:\/\/www.automakers.cz\/wp-content\/uploads\/2025\/04\/Legendy-2023-Alfa-Romeo-900x601.webp\" sizes=\"auto, (max-width: 900px) 100vw, 900px\" srcset=\"https:\/\/www.automakers.cz\/wp-content\/uploads\/2025\/04\/Legendy-2023-Alfa-Romeo-900x601.webp 900w, https:\/\/www.automakers.cz\/wp-content\/uploads\/2025\/04\/Legendy-2023-Alfa-Romeo-1024x684.webp 1024w, https:\/\/www.automakers.cz\/wp-content\/uploads\/2025\/04\/Legendy-2023-Alfa-Romeo-768x513.webp 768w, https:\/\/www.automakers.cz\/wp-content\/uploads\/2025\/04\/Legendy-2023-Alfa-Romeo.webp 1080w\" alt=\"\" width=\"900\" height=\"601\" \/><figcaption id=\"caption-attachment-12615\" class=\"wp-caption-text\">Alfa Romeo nechyb\u011bla na Legend\u00e1ch u\u017e v roce 2023<\/figcaption><\/figure>\n<\/div>\n<div><\/div>\n<div>Celkov\u00fdm t\u00e9matem slavnost <strong>LEGENDY 2025<\/strong> je Rychlost a v\u00e1\u0161e\u0148.\u00a0N\u00e1v\u0161t\u011bvn\u00edci proto budou obdivovat mnoho z\u00e1vodn\u00edch voz\u016f, unik\u00e1tn\u00ed sb\u00edrky v\u00e1\u0161niv\u00fdch majitel\u016f a za\u017eij\u00ed zaj\u00edmav\u00fd program.<\/div>\n<div>\n<figure id=\"attachment_13026\" class=\"wp-caption alignnone\" aria-describedby=\"caption-attachment-13026\"><img loading=\"lazy\" decoding=\"async\" class=\"size-medium wp-image-13026\" src=\"http:\/\/www.automakers.cz\/wp-content\/uploads\/2025\/05\/Pavilon-PRIM-Grand-Prix-Legendy-2024-900x599.jpg\" sizes=\"auto, (max-width: 900px) 100vw, 900px\" srcset=\"https:\/\/www.automakers.cz\/wp-content\/uploads\/2025\/05\/Pavilon-PRIM-Grand-Prix-Legendy-2024-900x599.jpg 900w, https:\/\/www.automakers.cz\/wp-content\/uploads\/2025\/05\/Pavilon-PRIM-Grand-Prix-Legendy-2024-1024x681.jpg 1024w, https:\/\/www.automakers.cz\/wp-content\/uploads\/2025\/05\/Pavilon-PRIM-Grand-Prix-Legendy-2024-768x511.jpg 768w, https:\/\/www.automakers.cz\/wp-content\/uploads\/2025\/05\/Pavilon-PRIM-Grand-Prix-Legendy-2024-1536x1021.jpg 1536w, https:\/\/www.automakers.cz\/wp-content\/uploads\/2025\/05\/Pavilon-PRIM-Grand-Prix-Legendy-2024.jpg 1800w\" alt=\"\" width=\"900\" height=\"599\" \/><figcaption id=\"caption-attachment-13026\" class=\"wp-caption-text\">Pavilon PRIM Grand Prix, Legendy 2024<\/figcaption><\/figure>\n<\/div>\n<div><\/div>\n<div><strong>Slavnost LEGENDY 2025<br \/>\n<\/strong><\/div>\n<div>\n<p>\u2705\u00a0 Pavilon Ferrari \u2013 p\u0159ehl\u00eddka n\u00e1dhern\u00fdch voz\u016f (p\u0159ev\u00e1\u017en\u011b \u010derven\u00fdch)<\/p>\n<p>\u2705 Pavilon Alfa Romeo s jedine\u010dn\u00fdmi vozy a Alfou Romeo 6C i vozem mistra KG<\/p>\n<p>\u2705 \u00a0Pavilon Lamborghini \u2013 13 unik\u00e1t\u016f v\u010detn\u011b Lamborghini Essenza SCV12<\/p>\n<p>\u2705 \u00a0Pavilon Radosti \u2013 ABT, Audi, Honda, Mad Guys a dal\u0161\u00ed prodejci a vystavovatel\u00e9<\/p>\n<p>\u2705 \u00a0Oslava 130 let \u0160koda \u2013 historici, z\u00e1vo\u010f\u00e1ky, novinky a ned\u011bln\u00ed d\u011btsk\u00fd den<\/p>\n<p>\u2705 \u00a0Mercedes-Benz expozice pln\u00e1 novinek i legend<\/p>\n<p>\u2705 \u00a0Subaru \u2013 japonsk\u00e1 legenda 4\u00d74<\/p>\n<p>\u2705 \u00a0ABT Czech \u2013 p\u0159edstav\u00ed ultim\u00e1tn\u00ed upraven\u00e9 Audi<\/p>\n<p>\u2705 \u00a0Formule 1 \u2013 McLaren show car p\u0159iveze ALLWYN \u2013 SAZKA<\/p>\n<p>\u2705 \u00a0Mnoho klub\u016f, z\u00f3n, hodn\u011b ob\u010derstven\u00ed, je\u017ed\u011bn\u00ed v JEEPech a LandRoverech<\/p>\n<p><img loading=\"lazy\" decoding=\"async\" class=\"alignnone size-full wp-image-12478\" src=\"http:\/\/www.automakers.cz\/wp-content\/uploads\/2025\/04\/LEGENDY2025-b2b-banner-600x200-1.jpg\" alt=\"\" width=\"640\" height=\"200\" \/><\/p>\n<\/div>\n<div><\/div>\n<div class=\"heateor_sss_sharing_container heateor_sss_vertical_sharing heateor_sss_bottom_sharing\" data-heateor-sss-href=\"https:\/\/www.automakers.cz\/?p=13321\">\n<div class=\"heateor_sss_sharing_ul\"><\/div>\n<\/div>\n<div class=\"heateor_sss_sharing_container heateor_sss_vertical_sharing heateor_sss_bottom_sharing\" data-heateor-sss-href=\"https:\/\/www.automakers.cz\/?p=13321\">\n<div class=\"heateorSssClear\"><\/div>\n<\/div>\n","protected":false},"excerpt":{"rendered":"<p>U\u017e jen t\u00fdden zb\u00fdv\u00e1 do zah\u00e1jen\u00ed Automobilov\u00e9 v\u00fdstavy a slavnosti LEGENDY (30.5-1.62025 V\u00fdstavi\u0161t\u011b Praha Hole\u0161ovice)&#8230;.<\/p>\n","protected":false},"author":1,"featured_media":862,"comment_status":"open","ping_status":"open","sticky":false,"template":"","format":"standard","meta":{"footnotes":""},"categories":[49,6],"tags":[],"class_list":["post-973","post","type-post","status-publish","format-standard","has-post-thumbnail","hentry","category-veterani","category-vystavy"],"_links":{"self":[{"href":"https:\/\/www.klubmn.cz\/index.php?rest_route=\/wp\/v2\/posts\/973","targetHints":{"allow":["GET"]}}],"collection":[{"href":"https:\/\/www.klubmn.cz\/index.php?rest_route=\/wp\/v2\/posts"}],"about":[{"href":"https:\/\/www.klubmn.cz\/index.php?rest_route=\/wp\/v2\/types\/post"}],"author":[{"embeddable":true,"href":"https:\/\/www.klubmn.cz\/index.php?rest_route=\/wp\/v2\/users\/1"}],"replies":[{"embeddable":true,"href":"https:\/\/www.klubmn.cz\/index.php?rest_route=%2Fwp%2Fv2%2Fcomments&post=973"}],"version-history":[{"count":2,"href":"https:\/\/www.klubmn.cz\/index.php?rest_route=\/wp\/v2\/posts\/973\/revisions"}],"predecessor-version":[{"id":975,"href":"https:\/\/www.klubmn.cz\/index.php?rest_route=\/wp\/v2\/posts\/973\/revisions\/975"}],"wp:featuredmedia":[{"embeddable":true,"href":"https:\/\/www.klubmn.cz\/index.php?rest_route=\/wp\/v2\/media\/862"}],"wp:attachment":[{"href":"https:\/\/www.klubmn.cz\/index.php?rest_route=%2Fwp%2Fv2%2Fmedia&parent=973"}],"wp:term":[{"taxonomy":"category","embeddable":true,"href":"https:\/\/www.klubmn.cz\/index.php?rest_route=%2Fwp%2Fv2%2Fcategories&post=973"},{"taxonomy":"post_tag","embeddable":true,"href":"https:\/\/www.klubmn.cz\/index.php?rest_route=%2Fwp%2Fv2%2Ftags&post=973"}],"curies":[{"name":"wp","href":"https:\/\/api.w.org\/{rel}","templated":true}]}}