{"id":976,"date":"2025-05-26T11:30:28","date_gmt":"2025-05-26T11:30:28","guid":{"rendered":"https:\/\/www.klubmn.cz\/?p=976"},"modified":"2025-05-26T11:34:01","modified_gmt":"2025-05-26T11:34:01","slug":"porsche-club-sezval-400-lidi-do-pragovky","status":"publish","type":"post","link":"https:\/\/www.klubmn.cz\/?p=976","title":{"rendered":"Porsche Club sezval 400 lid\u00ed do Pragovky"},"content":{"rendered":"<p><strong>Ofici\u00e1ln\u00ed Porsche Club Praha uspo\u0159\u00e1dal ve spolupr\u00e1ci s import\u00e9rem Porsche akci WERK 911. Do industri\u00e1ln\u00edho prostoru pra\u017esk\u00e9 Pragovky bylo na jedno m\u00edsto soust\u0159ed\u011bno \u010dty\u0159icet \u201edev\u011btsetjeden\u00e1ctek\u201c.<\/strong><span id=\"more-13361\"><\/span><span id=\"more-261\"><\/span><!--more--><\/p>\n<p>Nechyb\u011bl mezi nimi nap\u0159\u00edklad model 992 Dakar, kter\u00fd osobn\u011b dovezl Ferdi Porsche a \u0159ada dal\u0161\u00edch unik\u00e1t\u016f jako 911 Carrera RS M471, 964 RS Clubsport, 930 Turbo, 911 a 991 Speedster, 991 R nebo n\u011bkolik kus\u016f 992 S\/T. Bylo zde tak\u00e9 vystaveno Porsche 911 Club Coupe, jeden z pades\u00e1ti voz\u016f vyroben\u00fdch v roce 2005 pro \u010dleny Porsche Club of America a pravd\u011bpodobn\u011b jedin\u00fd v\u016fz nach\u00e1zej\u00edc\u00ed se v Evrop\u011b.<\/p>\n<p>\u201eJsem nad\u0161en\u00e1, \u017ee jsme se mohli pod\u00edlet na tak \u00fa\u017easn\u00e9 akci, jakou WERK 911 rozhodn\u011b byl,\u201c komentovala netradi\u010dn\u00ed setk\u00e1n\u00ed Joanna Og\u00f3rek, v\u00fdkonn\u00e1 \u0159editelka importu Porsche pro \u010ceskou republiku. \u201eKolem zna\u010dky Porsche funguje \u00fa\u017easn\u00e1 komunita lid\u00ed, kterou se n\u00e1m postupn\u011b sna\u017e\u00ed utv\u00e1\u0159et a WERK 911 byl dal\u0161\u00edm krokem sjednocov\u00e1n\u00ed t\u011bchto entuziast\u016f. Jsem r\u00e1da, \u017ee jako import\u00e9r m\u016f\u017eeme b\u00fdt sou\u010d\u00e1st\u00ed tohoto spole\u010denstv\u00ed nad\u0161enc\u016f,\u201c dodala \u0159editelka.<\/p>\n<p>\u201eDo Prahy se n\u00e1m poda\u0159ilo dostat ty nejlep\u0161\u00ed \u201adev\u011btsetjeden\u00e1ctky\u2018 z cel\u00e9 st\u0159edn\u00ed Evropy,\u201c pochlubil se Alex Keselj, prezident Porsche Clubu Praha, d\u00edky n\u011bmu\u017e se mohlo v\u00edce ne\u017e \u010dty\u0159i sta pozvan\u00fdch host\u016f kochat unik\u00e1tn\u00edmi modely 911 v prostor\u00e1ch vyso\u010dansk\u00e9 Pragovky. \u201eSv\u00e9 vozy sem p\u0159ivezl nap\u0159\u00edklad tenista Tom\u00e1\u0161 Berdych nebo mlad\u00fd Ferdi Porsche,\u201c doplnil za Porsche Club organiz\u00e1tor, jeho\u017e jedine\u010dn\u00fd Speedster s inici\u00e1ly \u201aRS\u2018 mezi vystaven\u00fdmi vozy rovn\u011b\u017e nechyb\u011bl.<\/p>\n<p>WERK 911 byl sou\u010d\u00e1st\u00ed Alpe \u2013 Danube \u2013 Adria Porsche Club Tour 2025 (ADA) jako jedna ze zast\u00e1vek putov\u00e1n\u00ed \u010dlen\u016f klub\u016f z It\u00e1lie, Rakouska, Slovinska, Chorvatska, Bosny a Hercegoviny, Ma\u010farska \u010di Srbska. Jako host\u00e9 byli krom\u011b \u010cech\u016f pozv\u00e1ni tak\u00e9 fandov\u00e9 zna\u010dky z N\u011bmecka, Nizozemska i Francie.<\/p>\n<p><img loading=\"lazy\" decoding=\"async\" class=\"alignnone size-medium wp-image-978\" src=\"http:\/\/www.klubmn.cz\/wp-content\/uploads\/2025\/05\/Porsche-sraz-Praga-300x200.jpeg\" alt=\"\" width=\"300\" height=\"200\" srcset=\"https:\/\/www.klubmn.cz\/wp-content\/uploads\/2025\/05\/Porsche-sraz-Praga-300x200.jpeg 300w, https:\/\/www.klubmn.cz\/wp-content\/uploads\/2025\/05\/Porsche-sraz-Praga-768x512.jpeg 768w, https:\/\/www.klubmn.cz\/wp-content\/uploads\/2025\/05\/Porsche-sraz-Praga.jpeg 1000w\" sizes=\"auto, (max-width: 300px) 100vw, 300px\" \/><\/p>\n<p>Po ve\u010dern\u00edm setk\u00e1n\u00ed v industri\u00e1ln\u00ed Pragovce se druh\u00fd den konvoj v\u00edce ne\u017e stovky voz\u016f Porsche vydal sm\u011br Karlovy Vary, kde pokra\u010doval ADA Porsche Club Tour dal\u0161\u00ed zast\u00e1vkou ve skl\u00e1rn\u011b Moser nebo hotelu Pupp, kde byli \u00fa\u010dastn\u00edci ubytov\u00e1ni.<\/p>\n<p><strong>Zdroj: Porsche IA<\/strong><\/p>\n","protected":false},"excerpt":{"rendered":"<p>Ofici\u00e1ln\u00ed Porsche Club Praha uspo\u0159\u00e1dal ve spolupr\u00e1ci s import\u00e9rem Porsche akci WERK 911. Do industri\u00e1ln\u00edho&#8230;<\/p>\n","protected":false},"author":1,"featured_media":977,"comment_status":"open","ping_status":"open","sticky":false,"template":"","format":"standard","meta":{"footnotes":""},"categories":[14,6],"tags":[],"class_list":["post-976","post","type-post","status-publish","format-standard","has-post-thumbnail","hentry","category-eventy","category-vystavy"],"_links":{"self":[{"href":"https:\/\/www.klubmn.cz\/index.php?rest_route=\/wp\/v2\/posts\/976","targetHints":{"allow":["GET"]}}],"collection":[{"href":"https:\/\/www.klubmn.cz\/index.php?rest_route=\/wp\/v2\/posts"}],"about":[{"href":"https:\/\/www.klubmn.cz\/index.php?rest_route=\/wp\/v2\/types\/post"}],"author":[{"embeddable":true,"href":"https:\/\/www.klubmn.cz\/index.php?rest_route=\/wp\/v2\/users\/1"}],"replies":[{"embeddable":true,"href":"https:\/\/www.klubmn.cz\/index.php?rest_route=%2Fwp%2Fv2%2Fcomments&post=976"}],"version-history":[{"count":3,"href":"https:\/\/www.klubmn.cz\/index.php?rest_route=\/wp\/v2\/posts\/976\/revisions"}],"predecessor-version":[{"id":981,"href":"https:\/\/www.klubmn.cz\/index.php?rest_route=\/wp\/v2\/posts\/976\/revisions\/981"}],"wp:featuredmedia":[{"embeddable":true,"href":"https:\/\/www.klubmn.cz\/index.php?rest_route=\/wp\/v2\/media\/977"}],"wp:attachment":[{"href":"https:\/\/www.klubmn.cz\/index.php?rest_route=%2Fwp%2Fv2%2Fmedia&parent=976"}],"wp:term":[{"taxonomy":"category","embeddable":true,"href":"https:\/\/www.klubmn.cz\/index.php?rest_route=%2Fwp%2Fv2%2Fcategories&post=976"},{"taxonomy":"post_tag","embeddable":true,"href":"https:\/\/www.klubmn.cz\/index.php?rest_route=%2Fwp%2Fv2%2Ftags&post=976"}],"curies":[{"name":"wp","href":"https:\/\/api.w.org\/{rel}","templated":true}]}}