{"id":986,"date":"2025-05-29T07:14:49","date_gmt":"2025-05-29T07:14:49","guid":{"rendered":"https:\/\/www.klubmn.cz\/?p=986"},"modified":"2025-05-29T07:14:49","modified_gmt":"2025-05-29T07:14:49","slug":"motoristicky-novinar-milan-busta-slavi-85-let","status":"publish","type":"post","link":"https:\/\/www.klubmn.cz\/?p=986","title":{"rendered":"Motoristick\u00fd novin\u00e1\u0159 Milan Busta slav\u00ed 85 let"},"content":{"rendered":"<p class=\"v1MsoNormal\"><strong>\u010cerstv\u00fdm p\u011btaosmdes\u00e1tn\u00edkem se ve \u010dtvrtek 29. kv\u011btna stal Milan Busta, v sou\u010dasnosti u\u017e ne tak zn\u00e1m\u00fd motoristick\u00fd novin\u00e1\u0159, kter\u00fd si u\u017e \u0159adu let u\u017e\u00edv\u00e1 zaslou\u017een\u00fd d\u016fchod, ale p\u0159itom je\u0161t\u011b p\u0159\u00edle\u017eitostn\u011b publikuje.<\/strong><span id=\"more-13473\"><\/span><!--more--><\/p>\n<p class=\"v1MsoNormal\"><strong>Milan Busta<\/strong> se m\u016f\u017ee pochlubit t\u00edm, \u017ee je, resp. byl historicky nejd\u00e9le p\u016fsob\u00edc\u00edm redaktorem Sv\u011bta motor\u016f. Do redakce nastoupil v roce 1965 a opustil j\u00ed a\u017e po 33 letech, co\u017e se doposud nepoda\u0159ilo nikomu jin\u00e9mu.<\/p>\n<p><strong>Za\u010dalo to v Kralupech<\/strong><\/p>\n<p class=\"v1MsoNormal\">S\u00a0novina\u0159inou za\u010dal v\u00a0podnikov\u00e9m \u010dasopise Kau\u010duk v Kralupech, odkud u\u017e zam\u00ed\u0159il do Sv\u011bta motor\u016f, kde m\u011bl dlouh\u00e1 l\u00e9ta na starosti nejm\u00e9n\u011b vd\u011b\u010dnou, ne zrovna obl\u00edbenou, ale nesm\u00edrn\u011b d\u016fle\u017eitou rubriku \u201eSvazarmu\u201c, ve kter\u00e9 musel n\u00e1le\u017eit\u011b velebit tehdej\u0161\u00edho vydavatele.<\/p>\n<p class=\"v1MsoNormal\">Mohl sice ps\u00e1t tak\u00e9 o \u201ev\u0161eobecn\u00e9m motorismu\u201c a autoturistice, ale do konce roku 1989 bylo jeho hlavn\u00edm chlebem psan\u00ed o motoristick\u00fdch aktivit\u00e1ch tehdej\u0161\u00ed brann\u00e9 organizace, Svazu pro spolupr\u00e1ci s\u00a0arm\u00e1dou, kter\u00e1 zast\u0159e\u0161ovala Automotokluby a v\u0161e, s\u00a0jejich motoristickou \u010dinnost\u00ed souviselo, v\u010detn\u011b Sv\u011bta motor\u016f.<\/p>\n<p><img loading=\"lazy\" decoding=\"async\" class=\"alignnone size-medium wp-image-6599\" src=\"http:\/\/www.automakers.cz\/wp-content\/uploads\/2024\/08\/Audi-Busta-Ludvik-Roman-900x675.jpg\" sizes=\"auto, (max-width: 900px) 100vw, 900px\" srcset=\"https:\/\/www.automakers.cz\/wp-content\/uploads\/2024\/08\/Audi-Busta-Ludvik-Roman-900x675.jpg 900w, https:\/\/www.automakers.cz\/wp-content\/uploads\/2024\/08\/Audi-Busta-Ludvik-Roman-1024x768.jpg 1024w, https:\/\/www.automakers.cz\/wp-content\/uploads\/2024\/08\/Audi-Busta-Ludvik-Roman-768x576.jpg 768w, https:\/\/www.automakers.cz\/wp-content\/uploads\/2024\/08\/Audi-Busta-Ludvik-Roman-1536x1152.jpg 1536w, https:\/\/www.automakers.cz\/wp-content\/uploads\/2024\/08\/Audi-Busta-Ludvik-Roman.jpg 2040w\" alt=\"\" width=\"900\" height=\"675\" \/>Novin\u00e1\u0159skou \u0161tafetu po n\u011bm u\u017e p\u0159ed lety postupn\u011b p\u0159eb\u00edral jeho syn <strong>Michal Busta<\/strong>, se kter\u00fdm je\u0161t\u011b n\u011bkolik let p\u016fsobil v\u00a0\u010dasopisu Autostyl, vyd\u00e1van\u00e9m \u00daAMK. Mlad\u0161\u00ed Busta, Michal je nav\u00edc p\u0159edsedou Klubu motoristick\u00fdch novin\u00e1\u0159\u016f. Dne\u0161n\u00edmu jubilantovi Milanovi p\u0159ejeme v\u0161e nejlep\u0161\u00ed, a hlavn\u011b hodn\u011b zdrav\u00ed do dal\u0161\u00edch \u017eivotn\u00edch kilometr\u016f.<\/p>\n<p><strong>Zdroj. Karel Ber\u00e1nek<\/strong><\/p>\n","protected":false},"excerpt":{"rendered":"<p>\u010cerstv\u00fdm p\u011btaosmdes\u00e1tn\u00edkem se ve \u010dtvrtek 29. kv\u011btna stal Milan Busta, v sou\u010dasnosti u\u017e ne tak&#8230;<\/p>\n","protected":false},"author":1,"featured_media":987,"comment_status":"open","ping_status":"open","sticky":false,"template":"","format":"standard","meta":{"footnotes":""},"categories":[13,5],"tags":[],"class_list":["post-986","post","type-post","status-publish","format-standard","has-post-thumbnail","hentry","category-novinari","category-vyroci"],"_links":{"self":[{"href":"https:\/\/www.klubmn.cz\/index.php?rest_route=\/wp\/v2\/posts\/986","targetHints":{"allow":["GET"]}}],"collection":[{"href":"https:\/\/www.klubmn.cz\/index.php?rest_route=\/wp\/v2\/posts"}],"about":[{"href":"https:\/\/www.klubmn.cz\/index.php?rest_route=\/wp\/v2\/types\/post"}],"author":[{"embeddable":true,"href":"https:\/\/www.klubmn.cz\/index.php?rest_route=\/wp\/v2\/users\/1"}],"replies":[{"embeddable":true,"href":"https:\/\/www.klubmn.cz\/index.php?rest_route=%2Fwp%2Fv2%2Fcomments&post=986"}],"version-history":[{"count":2,"href":"https:\/\/www.klubmn.cz\/index.php?rest_route=\/wp\/v2\/posts\/986\/revisions"}],"predecessor-version":[{"id":989,"href":"https:\/\/www.klubmn.cz\/index.php?rest_route=\/wp\/v2\/posts\/986\/revisions\/989"}],"wp:featuredmedia":[{"embeddable":true,"href":"https:\/\/www.klubmn.cz\/index.php?rest_route=\/wp\/v2\/media\/987"}],"wp:attachment":[{"href":"https:\/\/www.klubmn.cz\/index.php?rest_route=%2Fwp%2Fv2%2Fmedia&parent=986"}],"wp:term":[{"taxonomy":"category","embeddable":true,"href":"https:\/\/www.klubmn.cz\/index.php?rest_route=%2Fwp%2Fv2%2Fcategories&post=986"},{"taxonomy":"post_tag","embeddable":true,"href":"https:\/\/www.klubmn.cz\/index.php?rest_route=%2Fwp%2Fv2%2Ftags&post=986"}],"curies":[{"name":"wp","href":"https:\/\/api.w.org\/{rel}","templated":true}]}}