{"id":995,"date":"2025-06-06T09:15:10","date_gmt":"2025-06-06T09:15:10","guid":{"rendered":"https:\/\/www.klubmn.cz\/?p=995"},"modified":"2025-06-06T09:15:10","modified_gmt":"2025-06-06T09:15:10","slug":"neuman-uvedl-na-trh-citroen-c3-aircross","status":"publish","type":"post","link":"https:\/\/www.klubmn.cz\/?p=995","title":{"rendered":"Neuman uvedl na trh Citro\u00ebn C3 Aircross"},"content":{"rendered":"<p><b>VISTA RESORT &amp; CLUB v pra\u017ek\u00fdch Ko\u0161\u00ed\u0159\u00edch hostil n\u00e1rodn\u00ed premi\u00e9ru p\u0159epracovan\u00e9ho Citro\u00ebnu C3 Aircross, kter\u00fd se vyr\u00e1b\u00ed ve slovensk\u00e9 Trnav\u011b na platform\u011b Stellantisu. Model uvedl na trh \u0159editel zna\u010dky Franti\u0161ek Neuman, novin\u00e1\u0159i pak m\u011bli k dispozici k test\u016fm sedm vozidel r\u016fzn\u00fdch verz\u00ed.<\/b><span id=\"more-13691\"><\/span><!--more--><\/p>\n<p>\u201eNa\u0161\u00edm leto\u0161n\u00edm pl\u00e1nem je prodat p\u011bt tis\u00edc citro\u00ebn\u016f, z toho tis\u00edcovku LCV model\u016f. Celkov\u00e9 prodeje letos podporuje nov\u00e1 C3, kterou jsme uv\u00e1d\u011bli na trh v lednu. Prod\u00e1v\u00e1 se dob\u0159e, registrujeme stejn\u00e9 objemy jako loni, kdy je\u0161t\u011b dob\u00edhala p\u0159edchoz\u00ed generace za ni\u017e\u0161\u00ed ceny,\u201c zah\u00e1jil tiskovku <strong>Franti\u0161ek Neuman.<\/strong><\/p>\n<p>Pl\u00e1n na prodej tis\u00edcovky LCV vozidel je podle n\u011bj pro Citro\u00ebn velk\u00e1 v\u00fdzva. \u201eSegmentu u\u017eitkov\u00fdch voz\u016f se letos statisticky neda\u0159\u00ed a vykazuje pravideln\u00e9 poklesy. Ale na\u0161t\u011bst\u00ed se n\u00e1m da\u0159\u00ed ve flotilov\u00fdch obchodech, bodovali jsme nap\u0159\u00edklad ve velk\u00e9m tendru Veolie. Pom\u016f\u017ee n\u00e1m i nov\u00e1 verze C3 Cargo, dvoum\u00edstn\u00e1 dod\u00e1vka, kterou budou pot\u0159ebovat servismani, v\u00fdtah\u00e1\u0159i nebo pra\u010dka\u0159i,\u201c dokon\u010dil statistick\u00e9 ok\u00e9nko Franti\u0161ek Neuman.<\/p>\n<figure id=\"attachment_13697\" class=\"wp-caption alignnone\" aria-describedby=\"caption-attachment-13697\"><img loading=\"lazy\" decoding=\"async\" class=\"size-medium wp-image-13697\" src=\"http:\/\/www.automakers.cz\/wp-content\/uploads\/2025\/06\/Frantisek_Neuman-900x600.jpg\" sizes=\"auto, (max-width: 900px) 100vw, 900px\" srcset=\"https:\/\/www.automakers.cz\/wp-content\/uploads\/2025\/06\/Frantisek_Neuman-900x600.jpg 900w, https:\/\/www.automakers.cz\/wp-content\/uploads\/2025\/06\/Frantisek_Neuman-1024x683.jpg 1024w, https:\/\/www.automakers.cz\/wp-content\/uploads\/2025\/06\/Frantisek_Neuman-768x512.jpg 768w, https:\/\/www.automakers.cz\/wp-content\/uploads\/2025\/06\/Frantisek_Neuman.jpg 1200w\" alt=\"\" width=\"900\" height=\"600\" \/><figcaption id=\"caption-attachment-13697\" class=\"wp-caption-text\">FOTO:(c)PETR SOLAR<\/figcaption><\/figure>\n<p><strong>Nav\u00fd\u0161en\u00ed prodej\u016f elektromobil\u016f<\/strong><\/p>\n<p>Podle \u0161\u00e9fa importu nyn\u00ed \u010din\u00ed 6-7 procent prodan\u00fdch citro\u00ebn\u016f \u010dist\u00e1 elektra, do konce roku po\u010d\u00edt\u00e1 \u0159editel s nav\u00fd\u0161en\u00edm na 8 %. \u201eKa\u017ed\u00fd model nyn\u00ed m\u00e1me v elektrick\u00e9 variant\u011b, tak\u00e9 \u010dist\u011b elektrick\u00e1 C3 si vede dob\u0159e a i elektrick\u00fd Aicross si najde sv\u00e9 z\u00e1jemce,\u201c dodal Neuman.<\/p>\n<p><strong>Rebranding s\u00edt\u011b a Roadshow<\/strong><\/p>\n<p>K tomu zna\u010dka Citro\u00ebn prom\u011b\u0148uje svoji dealerskou s\u00ed\u0165, do konce roku m\u00e1 b\u00fdt cel\u00e1 rebrandov\u00e1na. Prodeje podporuje akce <strong>Roadshow<\/strong>, karavana od za\u010d\u00e1tku \u010dervna nav\u0161t\u011bvuje dealery.<\/p>\n<figure id=\"attachment_13699\" class=\"wp-caption alignnone\" aria-describedby=\"caption-attachment-13699\"><img loading=\"lazy\" decoding=\"async\" class=\"size-medium wp-image-13699\" src=\"http:\/\/www.automakers.cz\/wp-content\/uploads\/2025\/06\/Citroen-C3-Roadshow-900x600.jpg\" sizes=\"auto, (max-width: 900px) 100vw, 900px\" srcset=\"https:\/\/www.automakers.cz\/wp-content\/uploads\/2025\/06\/Citroen-C3-Roadshow-900x600.jpg 900w, https:\/\/www.automakers.cz\/wp-content\/uploads\/2025\/06\/Citroen-C3-Roadshow-1024x683.jpg 1024w, https:\/\/www.automakers.cz\/wp-content\/uploads\/2025\/06\/Citroen-C3-Roadshow-768x512.jpg 768w, https:\/\/www.automakers.cz\/wp-content\/uploads\/2025\/06\/Citroen-C3-Roadshow.jpg 1200w\" alt=\"\" width=\"900\" height=\"600\" \/><figcaption id=\"caption-attachment-13699\" class=\"wp-caption-text\">FOTO:(c)PETR SOLAR<\/figcaption><\/figure>\n<p><strong>V\u00fdroba v Trnav\u011b, motory z Francie a Polska<\/strong><\/p>\n<p>Jak\u00fd je nov\u00fd C3 Aircross? Model v roce 2017 nahradil Picasso, ale neda\u0159ilo se mu prodejn\u011b v obdob\u00ed covidu. \u201eM\u011bli jsme objedn\u00e1vky, ale museli jsme je ru\u0161it kv\u016fli v\u00fdrob\u011b,\u201c vysv\u011btlil Neuman.<\/p>\n<p>Sou\u010dasn\u00e1 C3 se finalizuje v Trnav\u011b, motory jsem putuj\u00ed z celkem t\u0159ech v\u00fdrobn\u00edch z\u00e1vod\u016f zna\u010dky ve Francii a Polsku.<\/p>\n<p>C3 Aircross sd\u00edl\u00ed novou platformu Smart Car s ned\u00e1vno uveden\u00fdm modelem C3. S d\u00e9lkou 439 cm poskytuje p\u011btim\u00edstn\u00e1 verze solidn\u00ed vnit\u0159n\u00ed prostor ve druh\u00e9 \u0159ad\u011b, vedle n\u00ed nab\u00edz\u00ed Citro\u00ebn tak\u00e9 zcela novou verzi a\u017e se 7 sedadly, kter\u00e1 se v tomto segmentu objevuje poprv\u00e9.<\/p>\n<p><iframe loading=\"lazy\" id=\"_ytid_18481\" class=\"__youtube_prefs__  epyt-is-override  no-lazyload\" title=\"Tiskovka Citroen C3 Aircross - uveden\u00ed na \u010desk\u00fd trh\" src=\"https:\/\/www.youtube.com\/embed\/ExQ82D2FI50?enablejsapi=1&amp;autoplay=0&amp;cc_load_policy=0&amp;cc_lang_pref=&amp;iv_load_policy=1&amp;loop=0&amp;modestbranding=0&amp;rel=1&amp;fs=1&amp;playsinline=0&amp;autohide=2&amp;theme=dark&amp;color=red&amp;controls=1&amp;\" width=\"640\" height=\"360\" allowfullscreen=\"allowfullscreen\" data-origwidth=\"640\" data-origheight=\"360\" data-no-lazy=\"1\" data-skipgform_ajax_framebjll=\"\" data-mce-fragment=\"1\"><\/iframe><\/p>\n<p><strong>Kabina C-Zen-Lounge<\/strong><\/p>\n<p>Citro\u00ebn vybavil C3 Aircross koncepc\u00ed kabiny C-Zen-Lounge\u00ae s head-up displejem a kompaktn\u00edm multifunk\u010dn\u00edm volantem a nov\u00fdmi sedadly Citro\u00ebn Advanced Comfort\u00ae p\u0159epracovan\u00fdmi pro optim\u00e1ln\u00ed oporu. Komfort na palub\u011b zvy\u0161uje odpru\u017een\u00ed Citro\u00ebn Advanced Comfort\u00ae s tlumi\u010di s progresivn\u00edmi hydraulick\u00fdmi dorazy. Pro v\u011bt\u0161\u00ed klid nab\u00edz\u00ed C3 Aircross v\u0161echny technologie asisten\u010dn\u00edch syst\u00e9m\u016f \u0159\u00edzen\u00ed, kter\u00e9 se v tomto segmentu o\u010dek\u00e1vaj\u00ed, a tak\u00e9 syst\u00e9m infotainmentu nejnov\u011bj\u0161\u00ed generace s 10,25palcov\u00fdm dotykov\u00fdm displejem.<\/p>\n<p><img loading=\"lazy\" decoding=\"async\" class=\"alignnone size-medium wp-image-13702\" src=\"http:\/\/www.automakers.cz\/wp-content\/uploads\/2025\/06\/Citroen-C3-Aircross-Vista-zed-trava-900x506.jpeg\" sizes=\"auto, (max-width: 900px) 100vw, 900px\" srcset=\"https:\/\/www.automakers.cz\/wp-content\/uploads\/2025\/06\/Citroen-C3-Aircross-Vista-zed-trava-900x506.jpeg 900w, https:\/\/www.automakers.cz\/wp-content\/uploads\/2025\/06\/Citroen-C3-Aircross-Vista-zed-trava-1024x576.jpeg 1024w, https:\/\/www.automakers.cz\/wp-content\/uploads\/2025\/06\/Citroen-C3-Aircross-Vista-zed-trava-768x432.jpeg 768w, https:\/\/www.automakers.cz\/wp-content\/uploads\/2025\/06\/Citroen-C3-Aircross-Vista-zed-trava-1536x864.jpeg 1536w, https:\/\/www.automakers.cz\/wp-content\/uploads\/2025\/06\/Citroen-C3-Aircross-Vista-zed-trava-1280x720.jpeg 1280w, https:\/\/www.automakers.cz\/wp-content\/uploads\/2025\/06\/Citroen-C3-Aircross-Vista-zed-trava.jpeg 2048w\" alt=\"\" width=\"900\" height=\"506\" \/><strong>T\u0159i varianty pohonu<\/strong><\/p>\n<p>Nov\u00fd C3 Aircross vedle benz\u00ednov\u00e9ho motoru nab\u00edz\u00ed dv\u011b dal\u0161\u00ed varianty pohonu: hybridn\u00ed pohon o v\u00fdkonu 145 k a nap\u011bt\u00ed 48 V, kter\u00fd pom\u00e1h\u00e1 sni\u017eovat spot\u0159ebu paliva, a d\u00e1le pln\u011b elektrickou verzi s dojezdem p\u0159es 300 km. Elektrick\u00fd pohon vn\u00e1\u0161\u00ed klid do ka\u017edodenn\u00edho cestov\u00e1n\u00ed a je podle v\u00fdrobce vhodn\u00fd pro dlouh\u00e9 cesty d\u00edky kapacit\u011b dob\u00edjen\u00ed z 20 % na 80 % za pouh\u00fdch 26 minut a sou\u010dasn\u00e9mu vyu\u017eit\u00ed aplikace \u00eb-ROUTES, pl\u00e1nova\u010de cest, kter\u00fd se v re\u00e1ln\u00e9m \u010dase p\u0159izp\u016fsobuje zm\u011bn\u00e1m na trase. Ve druh\u00e9 polovin\u011b roku 2025 bude k dispozici verze s dojezdem p\u0159es 400 km.<\/p>\n<figure id=\"attachment_13701\" class=\"wp-caption alignnone\" aria-describedby=\"caption-attachment-13701\"><img loading=\"lazy\" decoding=\"async\" class=\"size-medium wp-image-13701\" src=\"http:\/\/www.automakers.cz\/wp-content\/uploads\/2025\/06\/Citroen-C3-Vista-900x600.jpg\" sizes=\"auto, (max-width: 900px) 100vw, 900px\" srcset=\"https:\/\/www.automakers.cz\/wp-content\/uploads\/2025\/06\/Citroen-C3-Vista-900x600.jpg 900w, https:\/\/www.automakers.cz\/wp-content\/uploads\/2025\/06\/Citroen-C3-Vista-1024x683.jpg 1024w, https:\/\/www.automakers.cz\/wp-content\/uploads\/2025\/06\/Citroen-C3-Vista-768x512.jpg 768w, https:\/\/www.automakers.cz\/wp-content\/uploads\/2025\/06\/Citroen-C3-Vista.jpg 1200w\" alt=\"\" width=\"900\" height=\"600\" \/><figcaption id=\"caption-attachment-13701\" class=\"wp-caption-text\">FOTO:(c)PETR SOLAR<\/figcaption><\/figure>\n<p><strong>Ceny od 435 000 K\u010d<\/strong><\/p>\n<p>Nov\u00fd Citro\u00ebn C3 Aircross je mo\u017en\u00e9 objednat v pln\u011b elektrick\u00e9 verzi za ak\u010dn\u00ed cenu od <strong><b>629\u00a0900 K\u010d, <\/b><\/strong>verzi Hybrid 145, kter\u00e1 je k\u00a0dispozici v\u00fdhradn\u011b v\u00a0nejvy\u0161\u0161\u00ed v\u00fdbav\u011b MaX za cenu od <strong><b>630\u00a0000 K\u010d<\/b><\/strong>. V tradi\u010dn\u00ed benz\u00ednov\u00e9 verzi Turbo 100k Manual bude C3 Aircross k dispozici za cenu od <strong><b>435 000\u00a0K\u010d.<\/b><\/strong><\/p>\n<p><strong>Erich Handl, Ko\u0161\u00ed\u0159e, Video Lud\u011bk Kortus<\/strong><\/p>\n","protected":false},"excerpt":{"rendered":"<p>VISTA RESORT &amp; CLUB v pra\u017ek\u00fdch Ko\u0161\u00ed\u0159\u00edch hostil n\u00e1rodn\u00ed premi\u00e9ru p\u0159epracovan\u00e9ho Citro\u00ebnu C3 Aircross, kter\u00fd&#8230;<\/p>\n","protected":false},"author":1,"featured_media":996,"comment_status":"open","ping_status":"open","sticky":false,"template":"","format":"standard","meta":{"footnotes":""},"categories":[29,2,28],"tags":[],"class_list":["post-995","post","type-post","status-publish","format-standard","has-post-thumbnail","hentry","category-premiery","category-tiskovky","category-video"],"_links":{"self":[{"href":"https:\/\/www.klubmn.cz\/index.php?rest_route=\/wp\/v2\/posts\/995","targetHints":{"allow":["GET"]}}],"collection":[{"href":"https:\/\/www.klubmn.cz\/index.php?rest_route=\/wp\/v2\/posts"}],"about":[{"href":"https:\/\/www.klubmn.cz\/index.php?rest_route=\/wp\/v2\/types\/post"}],"author":[{"embeddable":true,"href":"https:\/\/www.klubmn.cz\/index.php?rest_route=\/wp\/v2\/users\/1"}],"replies":[{"embeddable":true,"href":"https:\/\/www.klubmn.cz\/index.php?rest_route=%2Fwp%2Fv2%2Fcomments&post=995"}],"version-history":[{"count":1,"href":"https:\/\/www.klubmn.cz\/index.php?rest_route=\/wp\/v2\/posts\/995\/revisions"}],"predecessor-version":[{"id":997,"href":"https:\/\/www.klubmn.cz\/index.php?rest_route=\/wp\/v2\/posts\/995\/revisions\/997"}],"wp:featuredmedia":[{"embeddable":true,"href":"https:\/\/www.klubmn.cz\/index.php?rest_route=\/wp\/v2\/media\/996"}],"wp:attachment":[{"href":"https:\/\/www.klubmn.cz\/index.php?rest_route=%2Fwp%2Fv2%2Fmedia&parent=995"}],"wp:term":[{"taxonomy":"category","embeddable":true,"href":"https:\/\/www.klubmn.cz\/index.php?rest_route=%2Fwp%2Fv2%2Fcategories&post=995"},{"taxonomy":"post_tag","embeddable":true,"href":"https:\/\/www.klubmn.cz\/index.php?rest_route=%2Fwp%2Fv2%2Ftags&post=995"}],"curies":[{"name":"wp","href":"https:\/\/api.w.org\/{rel}","templated":true}]}}