{"id":999,"date":"2025-06-17T08:58:58","date_gmt":"2025-06-17T08:58:58","guid":{"rendered":"https:\/\/www.klubmn.cz\/?p=999"},"modified":"2025-06-17T08:58:58","modified_gmt":"2025-06-17T08:58:58","slug":"dealersky-special-automakers-prinasi-monitoring-jarnich-tiskovek","status":"publish","type":"post","link":"https:\/\/www.klubmn.cz\/?p=999","title":{"rendered":"Dealersk\u00fd speci\u00e1l AUTOmakers p\u0159in\u00e1\u0161\u00ed monitoring jarn\u00edch tiskovek"},"content":{"rendered":"<p><strong>Dealersk\u00fd speci\u00e1l 2025 zmonitoroval tiskov\u00e9 konference a eventy druh\u00e9ho kvart\u00e1lu, <\/strong><strong>od dubnov\u00e9 tiskovky SDA v hotelu Iris a\u017e po kv\u011btnov\u00e9 produktov\u00e9 premi\u00e9ry. Titulov\u00e9 t\u00e9ma je tentokr\u00e1t zam\u011b\u0159eno na hromadn\u00fd p\u0159\u00edchod \u010d\u00ednsk\u00fdch automobilek.<\/strong><span id=\"more-13934\"><\/span><!--more--><\/p>\n<p>Po ji\u017e zaveden\u00e9 automobilce MG, kterou u\u017e t\u0159i roky importuje Autobinck a \u0161\u00e9fuje j\u00ed <strong>Martin Kr\u00e1l\u00ed\u010dek<\/strong><strong>, <\/strong>letos ohl\u00e1sila vstup na \u010desk\u00fd a slovensk\u00fd trh automobilka BAIC.<\/p>\n<p>Import jej\u00edch vozidel Beijing zajist\u00ed polsk\u00e1 BEMO Group. \u0158editelem importn\u00ed spole\u010dnosti GB Distribution CZ byl jmenov\u00e1n<strong> Jan Laube,<\/strong> mana\u017eer z minulosti dob\u0159e zn\u00e1m\u00fd z Ford Motor Company.<\/p>\n<p>Dovoz konkuren\u010dn\u00edch zna\u010dek Omoda a Jaecoo z provenience koncernu Chery \u0159\u00edd\u00ed <strong>Petra R\u016f\u017ei\u010dkov\u00e1<\/strong><strong>.<\/strong><\/p>\n<p>Country mana\u017eerem BYD byl jmenov\u00e1n <strong>Martin He\u0159mansk\u00fd<\/strong>, doned\u00e1vna dovozce motocykl\u016f Harley-Davidson.<\/p>\n<p>A skupina Emil Frey se stala v\u00fdhradn\u00edm distributorem vozidel a origin\u00e1ln\u00edch d\u00edl\u016f zna\u010dky LeapMotor. Jeho importu \u0161\u00e9fuje <strong>Luk\u00e1\u0161 Ho\u0161ek.<\/strong><\/p>\n<p><strong>Z dal\u0161\u00edho obsahu:<\/strong><\/p>\n<p><strong>SDA hodnotil prvn\u00ed kvart\u00e1l na tiskovce v hotelu Iris<\/strong><\/p>\n<p><img loading=\"lazy\" decoding=\"async\" class=\"alignnone size-medium wp-image-12168\" src=\"http:\/\/www.automakers.cz\/wp-content\/uploads\/2025\/04\/SDA-TK-duben-2025-900x506.jpg\" sizes=\"auto, (max-width: 900px) 100vw, 900px\" srcset=\"https:\/\/www.automakers.cz\/wp-content\/uploads\/2025\/04\/SDA-TK-duben-2025-900x506.jpg 900w, https:\/\/www.automakers.cz\/wp-content\/uploads\/2025\/04\/SDA-TK-duben-2025-1024x576.jpg 1024w, https:\/\/www.automakers.cz\/wp-content\/uploads\/2025\/04\/SDA-TK-duben-2025-768x432.jpg 768w, https:\/\/www.automakers.cz\/wp-content\/uploads\/2025\/04\/SDA-TK-duben-2025-1536x864.jpg 1536w, https:\/\/www.automakers.cz\/wp-content\/uploads\/2025\/04\/SDA-TK-duben-2025-1280x720.jpg 1280w, https:\/\/www.automakers.cz\/wp-content\/uploads\/2025\/04\/SDA-TK-duben-2025.jpg 2040w\" alt=\"\" width=\"900\" height=\"506\" \/><br \/>\n<strong>F\u00f3rum Karl\u00edn vid\u011blo premi\u00e9ru BYD<\/strong><\/p>\n<p><img loading=\"lazy\" decoding=\"async\" class=\"alignnone size-medium wp-image-12093\" src=\"http:\/\/www.automakers.cz\/wp-content\/uploads\/2025\/04\/BYD-Karlin-Harmansky-auta-podium-900x506.jpg\" sizes=\"auto, (max-width: 900px) 100vw, 900px\" srcset=\"https:\/\/www.automakers.cz\/wp-content\/uploads\/2025\/04\/BYD-Karlin-Harmansky-auta-podium-900x506.jpg 900w, https:\/\/www.automakers.cz\/wp-content\/uploads\/2025\/04\/BYD-Karlin-Harmansky-auta-podium-1024x576.jpg 1024w, https:\/\/www.automakers.cz\/wp-content\/uploads\/2025\/04\/BYD-Karlin-Harmansky-auta-podium-768x432.jpg 768w, https:\/\/www.automakers.cz\/wp-content\/uploads\/2025\/04\/BYD-Karlin-Harmansky-auta-podium-1536x864.jpg 1536w, https:\/\/www.automakers.cz\/wp-content\/uploads\/2025\/04\/BYD-Karlin-Harmansky-auta-podium-1280x720.jpg 1280w, https:\/\/www.automakers.cz\/wp-content\/uploads\/2025\/04\/BYD-Karlin-Harmansky-auta-podium.jpg 2040w\" alt=\"\" width=\"900\" height=\"506\" \/><strong>Mana\u017ee\u0159i \u010d\u00ednsk\u00e9 BAIC v Praze<\/strong><\/p>\n<p><img loading=\"lazy\" decoding=\"async\" class=\"alignnone size-medium wp-image-13937\" src=\"http:\/\/www.automakers.cz\/wp-content\/uploads\/2025\/06\/BAIC_1-900x685.jpg\" alt=\"\" width=\"900\" height=\"685\" \/><strong>\u0160pan\u011blsk\u00e1 automobilka SEAT slav\u00ed 75 let<\/strong><\/p>\n<p><img loading=\"lazy\" decoding=\"async\" class=\"alignnone size-full wp-image-13317\" src=\"http:\/\/www.automakers.cz\/wp-content\/uploads\/2025\/05\/SEAT-Cupra-75-1.jpg\" alt=\"\" width=\"740\" height=\"473\" \/><br \/>\n<strong>CUPRA hl\u00e1s\u00ed dvojcifern\u00fd r\u016fst, Floating Terramar plul u Karlova Mostu<\/strong><\/p>\n<p><img loading=\"lazy\" decoding=\"async\" class=\"alignnone size-medium wp-image-12711\" src=\"http:\/\/www.automakers.cz\/wp-content\/uploads\/2025\/04\/Cupra-Formentor-Praha-most-vez-900x506.jpg\" sizes=\"auto, (max-width: 900px) 100vw, 900px\" srcset=\"https:\/\/www.automakers.cz\/wp-content\/uploads\/2025\/04\/Cupra-Formentor-Praha-most-vez-900x506.jpg 900w, https:\/\/www.automakers.cz\/wp-content\/uploads\/2025\/04\/Cupra-Formentor-Praha-most-vez-1024x576.jpg 1024w, https:\/\/www.automakers.cz\/wp-content\/uploads\/2025\/04\/Cupra-Formentor-Praha-most-vez-768x432.jpg 768w, https:\/\/www.automakers.cz\/wp-content\/uploads\/2025\/04\/Cupra-Formentor-Praha-most-vez-1536x864.jpg 1536w, https:\/\/www.automakers.cz\/wp-content\/uploads\/2025\/04\/Cupra-Formentor-Praha-most-vez-1280x720.jpg 1280w, https:\/\/www.automakers.cz\/wp-content\/uploads\/2025\/04\/Cupra-Formentor-Praha-most-vez.jpg 2040w\" alt=\"\" width=\"900\" height=\"506\" \/><br \/>\n<strong>Prima ovl\u00e1dla CUPRA Padel Day<\/strong><\/p>\n<p><img loading=\"lazy\" decoding=\"async\" class=\"alignnone size-medium wp-image-13118\" src=\"http:\/\/www.automakers.cz\/wp-content\/uploads\/2025\/05\/Padel-Cupra-vitezove-900x600.jpg\" sizes=\"auto, (max-width: 900px) 100vw, 900px\" srcset=\"https:\/\/www.automakers.cz\/wp-content\/uploads\/2025\/05\/Padel-Cupra-vitezove-900x600.jpg 900w, https:\/\/www.automakers.cz\/wp-content\/uploads\/2025\/05\/Padel-Cupra-vitezove-1024x683.jpg 1024w, https:\/\/www.automakers.cz\/wp-content\/uploads\/2025\/05\/Padel-Cupra-vitezove-768x512.jpg 768w, https:\/\/www.automakers.cz\/wp-content\/uploads\/2025\/05\/Padel-Cupra-vitezove-1536x1024.jpg 1536w, https:\/\/www.automakers.cz\/wp-content\/uploads\/2025\/05\/Padel-Cupra-vitezove-2048x1365.jpg 2048w\" alt=\"\" width=\"900\" height=\"600\" \/><br \/>\n<strong>Volkswagen p\u0159edal z\u00e1kazn\u00edkovi 500 000. v\u016fz<\/strong><\/p>\n<p><img loading=\"lazy\" decoding=\"async\" class=\"alignnone size-medium wp-image-11738\" src=\"http:\/\/www.automakers.cz\/wp-content\/uploads\/2025\/03\/VW-Sebesta-Jarov-Beranek-Fojtik-900x506.jpg\" sizes=\"auto, (max-width: 900px) 100vw, 900px\" srcset=\"https:\/\/www.automakers.cz\/wp-content\/uploads\/2025\/03\/VW-Sebesta-Jarov-Beranek-Fojtik-900x506.jpg 900w, https:\/\/www.automakers.cz\/wp-content\/uploads\/2025\/03\/VW-Sebesta-Jarov-Beranek-Fojtik-1024x576.jpg 1024w, https:\/\/www.automakers.cz\/wp-content\/uploads\/2025\/03\/VW-Sebesta-Jarov-Beranek-Fojtik-768x432.jpg 768w, https:\/\/www.automakers.cz\/wp-content\/uploads\/2025\/03\/VW-Sebesta-Jarov-Beranek-Fojtik-1536x864.jpg 1536w, https:\/\/www.automakers.cz\/wp-content\/uploads\/2025\/03\/VW-Sebesta-Jarov-Beranek-Fojtik-1280x720.jpg 1280w, https:\/\/www.automakers.cz\/wp-content\/uploads\/2025\/03\/VW-Sebesta-Jarov-Beranek-Fojtik.jpg 2040w\" alt=\"\" width=\"900\" height=\"506\" \/><br \/>\n<strong>Volkswagen FS roz\u0161\u00ed\u0159il p\u016fj\u010dovnu elektroaut<\/strong><\/p>\n<p><img loading=\"lazy\" decoding=\"async\" class=\"alignnone size-medium wp-image-13902\" src=\"http:\/\/www.automakers.cz\/wp-content\/uploads\/2025\/06\/VWFS-elektromobil-logo-900x600.jpg\" sizes=\"auto, (max-width: 900px) 100vw, 900px\" srcset=\"https:\/\/www.automakers.cz\/wp-content\/uploads\/2025\/06\/VWFS-elektromobil-logo-900x600.jpg 900w, https:\/\/www.automakers.cz\/wp-content\/uploads\/2025\/06\/VWFS-elektromobil-logo-1024x682.jpg 1024w, https:\/\/www.automakers.cz\/wp-content\/uploads\/2025\/06\/VWFS-elektromobil-logo-768x512.jpg 768w, https:\/\/www.automakers.cz\/wp-content\/uploads\/2025\/06\/VWFS-elektromobil-logo-1536x1024.jpg 1536w, https:\/\/www.automakers.cz\/wp-content\/uploads\/2025\/06\/VWFS-elektromobil-logo-2048x1365.jpg 2048w\" alt=\"\" width=\"900\" height=\"600\" \/><br \/>\n<strong>Novin\u00e1\u0159sk\u00e9 testy Hyundaie Inster v Ko\u0161\u00ed\u0159\u00edch<\/strong><\/p>\n<p><img loading=\"lazy\" decoding=\"async\" class=\"alignnone size-medium wp-image-11930\" src=\"http:\/\/www.automakers.cz\/wp-content\/uploads\/2025\/03\/Hyundai-Inster-Experience-hostesky-900x506.jpg\" sizes=\"auto, (max-width: 900px) 100vw, 900px\" srcset=\"https:\/\/www.automakers.cz\/wp-content\/uploads\/2025\/03\/Hyundai-Inster-Experience-hostesky-900x506.jpg 900w, https:\/\/www.automakers.cz\/wp-content\/uploads\/2025\/03\/Hyundai-Inster-Experience-hostesky-1024x576.jpg 1024w, https:\/\/www.automakers.cz\/wp-content\/uploads\/2025\/03\/Hyundai-Inster-Experience-hostesky-768x432.jpg 768w, https:\/\/www.automakers.cz\/wp-content\/uploads\/2025\/03\/Hyundai-Inster-Experience-hostesky-1536x864.jpg 1536w, https:\/\/www.automakers.cz\/wp-content\/uploads\/2025\/03\/Hyundai-Inster-Experience-hostesky-1280x720.jpg 1280w, https:\/\/www.automakers.cz\/wp-content\/uploads\/2025\/03\/Hyundai-Inster-Experience-hostesky.jpg 2040w\" alt=\"\" width=\"900\" height=\"506\" \/><br \/>\n<strong>Kulat\u00fd st\u016fl hospod\u00e1\u0159sk\u00e9 komory k automotive<\/strong><\/p>\n<p><img loading=\"lazy\" decoding=\"async\" class=\"size-medium wp-image-13258\" src=\"http:\/\/www.automakers.cz\/wp-content\/uploads\/2025\/05\/Zajicek-HK-TK-Kupka-Florentinum-900x506.jpg\" sizes=\"auto, (max-width: 900px) 100vw, 900px\" srcset=\"https:\/\/www.automakers.cz\/wp-content\/uploads\/2025\/05\/Zajicek-HK-TK-Kupka-Florentinum-900x506.jpg 900w, https:\/\/www.automakers.cz\/wp-content\/uploads\/2025\/05\/Zajicek-HK-TK-Kupka-Florentinum-1024x576.jpg 1024w, https:\/\/www.automakers.cz\/wp-content\/uploads\/2025\/05\/Zajicek-HK-TK-Kupka-Florentinum-768x432.jpg 768w, https:\/\/www.automakers.cz\/wp-content\/uploads\/2025\/05\/Zajicek-HK-TK-Kupka-Florentinum-1536x864.jpg 1536w, https:\/\/www.automakers.cz\/wp-content\/uploads\/2025\/05\/Zajicek-HK-TK-Kupka-Florentinum-1280x720.jpg 1280w, https:\/\/www.automakers.cz\/wp-content\/uploads\/2025\/05\/Zajicek-HK-TK-Kupka-Florentinum.jpg 2048w\" alt=\"\" width=\"900\" height=\"506\" \/><\/p>\n<p><strong>Ale\u0161 Nov\u00e1k \u0159\u00edd\u00ed byznys u Gerharda Horejska<\/strong><\/p>\n<p><img loading=\"lazy\" decoding=\"async\" class=\"alignnone size-medium wp-image-11084\" src=\"http:\/\/www.automakers.cz\/wp-content\/uploads\/2025\/02\/Ales-Novak-Handl-obed-900x506.jpg\" sizes=\"auto, (max-width: 900px) 100vw, 900px\" srcset=\"https:\/\/www.automakers.cz\/wp-content\/uploads\/2025\/02\/Ales-Novak-Handl-obed-900x506.jpg 900w, https:\/\/www.automakers.cz\/wp-content\/uploads\/2025\/02\/Ales-Novak-Handl-obed-1024x576.jpg 1024w, https:\/\/www.automakers.cz\/wp-content\/uploads\/2025\/02\/Ales-Novak-Handl-obed-768x432.jpg 768w, https:\/\/www.automakers.cz\/wp-content\/uploads\/2025\/02\/Ales-Novak-Handl-obed-1536x864.jpg 1536w, https:\/\/www.automakers.cz\/wp-content\/uploads\/2025\/02\/Ales-Novak-Handl-obed-1280x720.jpg 1280w, https:\/\/www.automakers.cz\/wp-content\/uploads\/2025\/02\/Ales-Novak-Handl-obed.jpg 2040w\" alt=\"\" width=\"900\" height=\"506\" \/><br \/>\n<strong>Kamil \u0160ilhav\u00fd posiluje prodejn\u00ed s\u00ed\u0165 Mitsubishi, p\u0159edal kl\u00ed\u010de \u0160tefanu Margitovi<\/strong><\/p>\n<p><img loading=\"lazy\" decoding=\"async\" class=\"alignnone size-medium wp-image-13062\" src=\"http:\/\/www.automakers.cz\/wp-content\/uploads\/2025\/05\/Mitsubishi-Silhavy-Margita-Outlander-900x600.jpg\" sizes=\"auto, (max-width: 900px) 100vw, 900px\" srcset=\"https:\/\/www.automakers.cz\/wp-content\/uploads\/2025\/05\/Mitsubishi-Silhavy-Margita-Outlander-900x600.jpg 900w, https:\/\/www.automakers.cz\/wp-content\/uploads\/2025\/05\/Mitsubishi-Silhavy-Margita-Outlander-1024x683.jpg 1024w, https:\/\/www.automakers.cz\/wp-content\/uploads\/2025\/05\/Mitsubishi-Silhavy-Margita-Outlander-768x512.jpg 768w, https:\/\/www.automakers.cz\/wp-content\/uploads\/2025\/05\/Mitsubishi-Silhavy-Margita-Outlander-1536x1024.jpg 1536w, https:\/\/www.automakers.cz\/wp-content\/uploads\/2025\/05\/Mitsubishi-Silhavy-Margita-Outlander.jpg 2048w\" alt=\"\" width=\"900\" height=\"600\" \/><br \/>\n<strong>Outlander PHEV z\u00e1\u0159il na premi\u00e9\u0159e v La Fabrice<\/strong><\/p>\n<p><img loading=\"lazy\" decoding=\"async\" class=\"size-medium wp-image-11887\" src=\"http:\/\/www.automakers.cz\/wp-content\/uploads\/2025\/03\/Mitsubishi-Outlande-Kamil-Prusa-1-900x506.jpg\" sizes=\"auto, (max-width: 900px) 100vw, 900px\" srcset=\"https:\/\/www.automakers.cz\/wp-content\/uploads\/2025\/03\/Mitsubishi-Outlande-Kamil-Prusa-1-900x506.jpg 900w, https:\/\/www.automakers.cz\/wp-content\/uploads\/2025\/03\/Mitsubishi-Outlande-Kamil-Prusa-1-1024x576.jpg 1024w, https:\/\/www.automakers.cz\/wp-content\/uploads\/2025\/03\/Mitsubishi-Outlande-Kamil-Prusa-1-768x432.jpg 768w, https:\/\/www.automakers.cz\/wp-content\/uploads\/2025\/03\/Mitsubishi-Outlande-Kamil-Prusa-1-1536x864.jpg 1536w, https:\/\/www.automakers.cz\/wp-content\/uploads\/2025\/03\/Mitsubishi-Outlande-Kamil-Prusa-1-1280x720.jpg 1280w, https:\/\/www.automakers.cz\/wp-content\/uploads\/2025\/03\/Mitsubishi-Outlande-Kamil-Prusa-1.jpg 2040w\" alt=\"\" width=\"900\" height=\"506\" \/><strong>Marco Venturini rebranduje prodejn\u00ed s\u00ed\u0165 Peugeotu<\/strong><\/p>\n<p><img loading=\"lazy\" decoding=\"async\" class=\"alignnone size-medium wp-image-13461\" src=\"http:\/\/www.automakers.cz\/wp-content\/uploads\/2025\/05\/Peugeot-Venturini-Clarion-orez-900x676.jpg\" sizes=\"auto, (max-width: 900px) 100vw, 900px\" srcset=\"https:\/\/www.automakers.cz\/wp-content\/uploads\/2025\/05\/Peugeot-Venturini-Clarion-orez-900x676.jpg 900w, https:\/\/www.automakers.cz\/wp-content\/uploads\/2025\/05\/Peugeot-Venturini-Clarion-orez-1024x769.jpg 1024w, https:\/\/www.automakers.cz\/wp-content\/uploads\/2025\/05\/Peugeot-Venturini-Clarion-orez-768x577.jpg 768w, https:\/\/www.automakers.cz\/wp-content\/uploads\/2025\/05\/Peugeot-Venturini-Clarion-orez.jpg 1376w\" alt=\"\" width=\"900\" height=\"676\" \/><br \/>\n<strong>Novin\u00e1\u0159i testovali Dacii Bigster na \u0160umav\u011b<\/strong><\/p>\n<p><img loading=\"lazy\" decoding=\"async\" class=\"size-medium wp-image-12369\" src=\"http:\/\/www.automakers.cz\/wp-content\/uploads\/2025\/04\/Dacia-Bigster-Handl-900x506.jpg\" sizes=\"auto, (max-width: 900px) 100vw, 900px\" srcset=\"https:\/\/www.automakers.cz\/wp-content\/uploads\/2025\/04\/Dacia-Bigster-Handl-900x506.jpg 900w, https:\/\/www.automakers.cz\/wp-content\/uploads\/2025\/04\/Dacia-Bigster-Handl-1024x576.jpg 1024w, https:\/\/www.automakers.cz\/wp-content\/uploads\/2025\/04\/Dacia-Bigster-Handl-768x432.jpg 768w, https:\/\/www.automakers.cz\/wp-content\/uploads\/2025\/04\/Dacia-Bigster-Handl-1536x864.jpg 1536w, https:\/\/www.automakers.cz\/wp-content\/uploads\/2025\/04\/Dacia-Bigster-Handl-1280x720.jpg 1280w, https:\/\/www.automakers.cz\/wp-content\/uploads\/2025\/04\/Dacia-Bigster-Handl.jpg 2040w\" alt=\"\" width=\"900\" height=\"506\" \/><strong>Martin Kr\u00e1l\u00ed\u010dek letos c\u00edl\u00ed zna\u010dku MG na v\u00edce ne\u017e 5000 aut<\/strong><\/p>\n<p><img loading=\"lazy\" decoding=\"async\" class=\"alignnone size-medium wp-image-8954\" src=\"http:\/\/www.automakers.cz\/wp-content\/uploads\/2024\/11\/MG-Kralicek-TK-Salon-small-900x600.jpg\" alt=\"\" width=\"900\" height=\"600\" \/><strong>Tom Hyan na dubnov\u00e9m salonu v New Yorku<\/strong><\/p>\n<p><img loading=\"lazy\" decoding=\"async\" class=\"alignnone size-medium wp-image-12548\" src=\"http:\/\/www.automakers.cz\/wp-content\/uploads\/2025\/04\/Hyan-Corvette-New-York-900x675.jpg\" alt=\"\" width=\"900\" height=\"675\" \/><br \/>\n<strong>Zem\u0159el novin\u00e1\u0159 Ota \u0160affek<\/strong><\/p>\n<p><img loading=\"lazy\" decoding=\"async\" class=\"size-full wp-image-12997\" src=\"http:\/\/www.automakers.cz\/wp-content\/uploads\/2025\/05\/Saffek-Ota.png\" alt=\"\" width=\"665\" height=\"691\" \/><\/p>\n<p><strong>Bosch repasuje star\u00e9 altern\u00e1tory v Bernol\u00e1kovu<\/strong><\/p>\n<p><img loading=\"lazy\" decoding=\"async\" class=\"alignnone size-medium wp-image-13938\" src=\"http:\/\/www.automakers.cz\/wp-content\/uploads\/2025\/06\/Bosch-alternatory-Bernolakovo-900x506.jpg\" sizes=\"auto, (max-width: 900px) 100vw, 900px\" srcset=\"https:\/\/www.automakers.cz\/wp-content\/uploads\/2025\/06\/Bosch-alternatory-Bernolakovo-900x506.jpg 900w, https:\/\/www.automakers.cz\/wp-content\/uploads\/2025\/06\/Bosch-alternatory-Bernolakovo-1024x576.jpg 1024w, https:\/\/www.automakers.cz\/wp-content\/uploads\/2025\/06\/Bosch-alternatory-Bernolakovo-768x432.jpg 768w, https:\/\/www.automakers.cz\/wp-content\/uploads\/2025\/06\/Bosch-alternatory-Bernolakovo-1536x864.jpg 1536w, https:\/\/www.automakers.cz\/wp-content\/uploads\/2025\/06\/Bosch-alternatory-Bernolakovo-1280x720.jpg 1280w, https:\/\/www.automakers.cz\/wp-content\/uploads\/2025\/06\/Bosch-alternatory-Bernolakovo.jpg 2048w\" alt=\"\" width=\"900\" height=\"506\" \/><br \/>\n<strong>Kongres New Battery World v Mnichov\u011b<\/strong><\/p>\n<p><img loading=\"lazy\" decoding=\"async\" class=\"alignnone size-medium wp-image-11903\" src=\"http:\/\/www.automakers.cz\/wp-content\/uploads\/2025\/03\/New-Battery-World-Mnichov-kongres-900x506.jpg\" sizes=\"auto, (max-width: 900px) 100vw, 900px\" srcset=\"https:\/\/www.automakers.cz\/wp-content\/uploads\/2025\/03\/New-Battery-World-Mnichov-kongres-900x506.jpg 900w, https:\/\/www.automakers.cz\/wp-content\/uploads\/2025\/03\/New-Battery-World-Mnichov-kongres-1024x576.jpg 1024w, https:\/\/www.automakers.cz\/wp-content\/uploads\/2025\/03\/New-Battery-World-Mnichov-kongres-768x432.jpg 768w, https:\/\/www.automakers.cz\/wp-content\/uploads\/2025\/03\/New-Battery-World-Mnichov-kongres-1536x864.jpg 1536w, https:\/\/www.automakers.cz\/wp-content\/uploads\/2025\/03\/New-Battery-World-Mnichov-kongres-1280x720.jpg 1280w, https:\/\/www.automakers.cz\/wp-content\/uploads\/2025\/03\/New-Battery-World-Mnichov-kongres.jpg 2040w\" alt=\"\" width=\"900\" height=\"506\" \/><br \/>\n<strong>Aston Martin otev\u0159el salon v Praze<\/strong><\/p>\n<p><img loading=\"lazy\" decoding=\"async\" class=\"size-medium wp-image-10980\" src=\"http:\/\/www.automakers.cz\/wp-content\/uploads\/2025\/02\/Aston-Martin-Kadlec-900x506.jpg\" alt=\"\" width=\"900\" height=\"506\" \/><strong>\u0160koda Auto vstupuje do Om\u00e1nu<\/strong><\/p>\n<p><img loading=\"lazy\" decoding=\"async\" class=\"alignnone size-medium wp-image-11560\" src=\"http:\/\/www.automakers.cz\/wp-content\/uploads\/2025\/03\/Skoda-Auto-launches-in-Oman-1_e4f80eeb-900x600.jpg\" alt=\"\" width=\"900\" height=\"600\" \/><br \/>\n<strong>Prvn\u00ed j\u00edzdy s Fordem Puma GEN-E na Slapech<\/strong><\/p>\n<p><img loading=\"lazy\" decoding=\"async\" class=\"alignnone size-medium wp-image-13108\" src=\"http:\/\/www.automakers.cz\/wp-content\/uploads\/2025\/05\/Ford-Puma-Stechovice-orez-1-900x320.jpg\" sizes=\"auto, (max-width: 900px) 100vw, 900px\" srcset=\"https:\/\/www.automakers.cz\/wp-content\/uploads\/2025\/05\/Ford-Puma-Stechovice-orez-1-900x320.jpg 900w, https:\/\/www.automakers.cz\/wp-content\/uploads\/2025\/05\/Ford-Puma-Stechovice-orez-1-1024x364.jpg 1024w, https:\/\/www.automakers.cz\/wp-content\/uploads\/2025\/05\/Ford-Puma-Stechovice-orez-1-768x273.jpg 768w, https:\/\/www.automakers.cz\/wp-content\/uploads\/2025\/05\/Ford-Puma-Stechovice-orez-1-1536x546.jpg 1536w, https:\/\/www.automakers.cz\/wp-content\/uploads\/2025\/05\/Ford-Puma-Stechovice-orez-1.jpg 1992w\" alt=\"\" width=\"900\" height=\"320\" \/><br \/>\n<strong>Battswap z\u00edskal v\u00fdrobn\u00ed licenci<\/strong><\/p>\n<p><img loading=\"lazy\" decoding=\"async\" class=\"alignnone size-medium wp-image-12365\" src=\"http:\/\/www.automakers.cz\/wp-content\/uploads\/2025\/04\/Battswap-stanice-dodavka-Rohlik-900x600.jpeg\" alt=\"\" width=\"900\" height=\"600\" \/><br \/>\n<strong>Zlat\u00fd volant m\u011bl fin\u00e1le v muzeu<\/strong><\/p>\n<p><img loading=\"lazy\" decoding=\"async\" class=\"alignnone size-medium wp-image-11512\" src=\"http:\/\/www.automakers.cz\/wp-content\/uploads\/2025\/03\/Narodni-technicke-mujzeum-Zlaty-volant-900x506.jpg\" sizes=\"auto, (max-width: 900px) 100vw, 900px\" srcset=\"https:\/\/www.automakers.cz\/wp-content\/uploads\/2025\/03\/Narodni-technicke-mujzeum-Zlaty-volant-900x506.jpg 900w, https:\/\/www.automakers.cz\/wp-content\/uploads\/2025\/03\/Narodni-technicke-mujzeum-Zlaty-volant-1024x576.jpg 1024w, https:\/\/www.automakers.cz\/wp-content\/uploads\/2025\/03\/Narodni-technicke-mujzeum-Zlaty-volant-768x432.jpg 768w, https:\/\/www.automakers.cz\/wp-content\/uploads\/2025\/03\/Narodni-technicke-mujzeum-Zlaty-volant-1536x864.jpg 1536w, https:\/\/www.automakers.cz\/wp-content\/uploads\/2025\/03\/Narodni-technicke-mujzeum-Zlaty-volant-1280x720.jpg 1280w, https:\/\/www.automakers.cz\/wp-content\/uploads\/2025\/03\/Narodni-technicke-mujzeum-Zlaty-volant.jpg 2040w\" alt=\"\" width=\"900\" height=\"506\" \/><br \/>\n<strong>Lipno vid\u011blo premi\u00e9ru Enyaqu<\/strong><\/p>\n<p><img loading=\"lazy\" decoding=\"async\" class=\"alignnone size-medium wp-image-12202\" src=\"http:\/\/www.automakers.cz\/wp-content\/uploads\/2025\/04\/Skoda-Enyaq-Lipno-plaz-900x600.jpg\" sizes=\"auto, (max-width: 900px) 100vw, 900px\" srcset=\"https:\/\/www.automakers.cz\/wp-content\/uploads\/2025\/04\/Skoda-Enyaq-Lipno-plaz-900x600.jpg 900w, https:\/\/www.automakers.cz\/wp-content\/uploads\/2025\/04\/Skoda-Enyaq-Lipno-plaz-1024x683.jpg 1024w, https:\/\/www.automakers.cz\/wp-content\/uploads\/2025\/04\/Skoda-Enyaq-Lipno-plaz-768x512.jpg 768w, https:\/\/www.automakers.cz\/wp-content\/uploads\/2025\/04\/Skoda-Enyaq-Lipno-plaz-1536x1024.jpg 1536w, https:\/\/www.automakers.cz\/wp-content\/uploads\/2025\/04\/Skoda-Enyaq-Lipno-plaz-2048x1365.jpg 2048w\" alt=\"\" width=\"900\" height=\"600\" \/><br \/>\n<strong>Vod\u011br\u00e1dky hostily premi\u00e9ru modelu Volvo ES90<\/strong><\/p>\n<p><img loading=\"lazy\" decoding=\"async\" class=\"alignnone size-medium wp-image-11807\" src=\"http:\/\/www.automakers.cz\/wp-content\/uploads\/2025\/03\/Volvo-ES90-Voderadky-stan-teepee-900x506.jpg\" sizes=\"auto, (max-width: 900px) 100vw, 900px\" srcset=\"https:\/\/www.automakers.cz\/wp-content\/uploads\/2025\/03\/Volvo-ES90-Voderadky-stan-teepee-900x506.jpg 900w, https:\/\/www.automakers.cz\/wp-content\/uploads\/2025\/03\/Volvo-ES90-Voderadky-stan-teepee-1024x576.jpg 1024w, https:\/\/www.automakers.cz\/wp-content\/uploads\/2025\/03\/Volvo-ES90-Voderadky-stan-teepee-768x432.jpg 768w, https:\/\/www.automakers.cz\/wp-content\/uploads\/2025\/03\/Volvo-ES90-Voderadky-stan-teepee-1536x864.jpg 1536w, https:\/\/www.automakers.cz\/wp-content\/uploads\/2025\/03\/Volvo-ES90-Voderadky-stan-teepee-1280x720.jpg 1280w, https:\/\/www.automakers.cz\/wp-content\/uploads\/2025\/03\/Volvo-ES90-Voderadky-stan-teepee.jpg 2040w\" alt=\"\" width=\"900\" height=\"506\" \/><br \/>\n<strong>\u0160koda vyrobila milion bateri\u00ed<\/strong><\/p>\n<p><img loading=\"lazy\" decoding=\"async\" class=\"size-medium wp-image-9446\" src=\"http:\/\/www.automakers.cz\/wp-content\/uploads\/2024\/12\/Skoda-baterie-linka-vyroba-blondyna-900x594.jpg\" alt=\"\" width=\"900\" height=\"594\" \/><strong>D\u011bde\u010dek automobil ozdobil Sen\u00e1t<\/strong><\/p>\n<p><img loading=\"lazy\" decoding=\"async\" class=\"alignnone size-medium wp-image-13546\" src=\"http:\/\/www.automakers.cz\/wp-content\/uploads\/2025\/06\/Dedecek-Senat-Pokorny-900x628.jpg\" sizes=\"auto, (max-width: 900px) 100vw, 900px\" srcset=\"https:\/\/www.automakers.cz\/wp-content\/uploads\/2025\/06\/Dedecek-Senat-Pokorny-900x628.jpg 900w, https:\/\/www.automakers.cz\/wp-content\/uploads\/2025\/06\/Dedecek-Senat-Pokorny-1024x714.jpg 1024w, https:\/\/www.automakers.cz\/wp-content\/uploads\/2025\/06\/Dedecek-Senat-Pokorny-768x536.jpg 768w, https:\/\/www.automakers.cz\/wp-content\/uploads\/2025\/06\/Dedecek-Senat-Pokorny-1536x1071.jpg 1536w, https:\/\/www.automakers.cz\/wp-content\/uploads\/2025\/06\/Dedecek-Senat-Pokorny.jpg 2048w\" alt=\"\" width=\"900\" height=\"628\" \/><br \/>\n<strong>\u0160kodovka zah\u00e1jila v\u00fdrobu Kylaqu<\/strong><\/p>\n<figure id=\"attachment_9745\" class=\"wp-caption alignnone\" aria-describedby=\"caption-attachment-9745\"><img loading=\"lazy\" decoding=\"async\" class=\"size-medium wp-image-9745\" src=\"http:\/\/www.automakers.cz\/wp-content\/uploads\/2024\/12\/Skoda-Auto-launches-series-production-of-the-Kylaq-in-Pune-900x600.jpg\" alt=\"\" width=\"900\" height=\"600\" \/><figcaption id=\"caption-attachment-9745\" class=\"wp-caption-text\">Zdroj: Dealersk\u00fd speci\u00e1l AUTOmakers<\/figcaption><\/figure>\n<p>&nbsp;<\/p>\n","protected":false},"excerpt":{"rendered":"<p>Dealersk\u00fd speci\u00e1l 2025 zmonitoroval tiskov\u00e9 konference a eventy druh\u00e9ho kvart\u00e1lu, od dubnov\u00e9 tiskovky SDA v&#8230;<\/p>\n","protected":false},"author":1,"featured_media":1000,"comment_status":"open","ping_status":"open","sticky":false,"template":"","format":"standard","meta":{"footnotes":""},"categories":[20,13,2],"tags":[],"class_list":["post-999","post","type-post","status-publish","format-standard","has-post-thumbnail","hentry","category-media","category-novinari","category-tiskovky"],"_links":{"self":[{"href":"https:\/\/www.klubmn.cz\/index.php?rest_route=\/wp\/v2\/posts\/999","targetHints":{"allow":["GET"]}}],"collection":[{"href":"https:\/\/www.klubmn.cz\/index.php?rest_route=\/wp\/v2\/posts"}],"about":[{"href":"https:\/\/www.klubmn.cz\/index.php?rest_route=\/wp\/v2\/types\/post"}],"author":[{"embeddable":true,"href":"https:\/\/www.klubmn.cz\/index.php?rest_route=\/wp\/v2\/users\/1"}],"replies":[{"embeddable":true,"href":"https:\/\/www.klubmn.cz\/index.php?rest_route=%2Fwp%2Fv2%2Fcomments&post=999"}],"version-history":[{"count":1,"href":"https:\/\/www.klubmn.cz\/index.php?rest_route=\/wp\/v2\/posts\/999\/revisions"}],"predecessor-version":[{"id":1001,"href":"https:\/\/www.klubmn.cz\/index.php?rest_route=\/wp\/v2\/posts\/999\/revisions\/1001"}],"wp:featuredmedia":[{"embeddable":true,"href":"https:\/\/www.klubmn.cz\/index.php?rest_route=\/wp\/v2\/media\/1000"}],"wp:attachment":[{"href":"https:\/\/www.klubmn.cz\/index.php?rest_route=%2Fwp%2Fv2%2Fmedia&parent=999"}],"wp:term":[{"taxonomy":"category","embeddable":true,"href":"https:\/\/www.klubmn.cz\/index.php?rest_route=%2Fwp%2Fv2%2Fcategories&post=999"},{"taxonomy":"post_tag","embeddable":true,"href":"https:\/\/www.klubmn.cz\/index.php?rest_route=%2Fwp%2Fv2%2Ftags&post=999"}],"curies":[{"name":"wp","href":"https:\/\/api.w.org\/{rel}","templated":true}]}}